{"id":389,"date":"2015-03-21T07:39:53","date_gmt":"2015-03-21T06:39:53","guid":{"rendered":"http:\/\/agora.xtec.cat\/insderodadebara\/?p=389"},"modified":"2015-03-21T07:41:43","modified_gmt":"2015-03-21T06:41:43","slug":"construccio-mapamundi-per-activitats-al-pim-de-1r-eso","status":"publish","type":"post","link":"https:\/\/agora.xtec.cat\/insderodadebara\/eso\/eso-1\/construccio-mapamundi-per-activitats-al-pim-de-1r-eso\/","title":{"rendered":"Construcci\u00f3 MapaMundi per activitats al PIM de 1r ESO"},"content":{"rendered":"<p>El grup de PIM de 1r ESO del nostre institut est\u00e0 treballant en la construcci\u00f3 d\u2019un mega mapa que decorar\u00e0 una de les aules i sobre el que despr\u00e8s es duran a terme moltes activitats. La pr\u00f2pia construcci\u00f3 del mapa ja genera aportacions i t\u00e8cniques de cooperaci\u00f3 entre l\u2019alumnat que resulten molt positives per treballar els aspectes relatius al treball en equip i a la conviv\u00e8ncia.<\/p>\n<p><img loading=\"lazy\" decoding=\"async\" class=\"size-medium wp-image-390 aligncenter\" src=\"http:\/\/agora.xtec.cat\/insderodadebara\/wp-content\/uploads\/usu1145\/2015\/03\/abde-300x179.jpg\" alt=\"abde\" width=\"300\" height=\"179\" srcset=\"https:\/\/agora.xtec.cat\/insderodadebara\/wp-content\/uploads\/usu1145\/2015\/03\/abde-300x179.jpg 300w, https:\/\/agora.xtec.cat\/insderodadebara\/wp-content\/uploads\/usu1145\/2015\/03\/abde.jpg 977w\" sizes=\"auto, (max-width: 300px) 100vw, 300px\" \/><\/p>\n<p>Una vegada el tinguem acabat comen\u00e7arem a treballar aspectes relacionats amb la localitzaci\u00f3 de latitud i longitud sobre el mapa, l\u2019exposici\u00f3 oral d\u2019aspectes referits a diferents pa\u00efsos del m\u00f3n, la interpretaci\u00f3 de dades sobre un mapa, proves d\u2019agilitat mental , trivial sobre els pa\u00efsos del mapa&#8230;\u00c9s una manera un poc diferent que en els diversos anys que s\u2019ha plantejat ha donat molt bons resultats.<\/p>\n<p><a href=\"http:\/\/agora.xtec.cat\/insderodadebara\/wp-content\/uploads\/usu1145\/2015\/03\/daniagus.jpg\"><img loading=\"lazy\" decoding=\"async\" class=\"size-medium wp-image-391 aligncenter\" src=\"http:\/\/agora.xtec.cat\/insderodadebara\/wp-content\/uploads\/usu1145\/2015\/03\/daniagus-300x180.jpg\" alt=\"daniagus\" width=\"300\" height=\"180\" srcset=\"https:\/\/agora.xtec.cat\/insderodadebara\/wp-content\/uploads\/usu1145\/2015\/03\/daniagus-300x180.jpg 300w, https:\/\/agora.xtec.cat\/insderodadebara\/wp-content\/uploads\/usu1145\/2015\/03\/daniagus.jpg 978w\" sizes=\"auto, (max-width: 300px) 100vw, 300px\" \/><\/a><\/p>\n","protected":false},"excerpt":{"rendered":"<p>El grup de PIM de 1r ESO del nostre institut est\u00e0 treballant en la construcci\u00f3 d\u2019un mega mapa que decorar\u00e0 una de les aules i sobre el que despr\u00e8s es duran a terme moltes activitats. La pr\u00f2pia construcci\u00f3 del mapa ja genera aportacions i t\u00e8cniques de cooperaci\u00f3 entre l\u2019alumnat que resulten molt positives per treballar els aspectes relatius al treball en equip i a la conviv\u00e8ncia.&hellip;  <a href=\"https:\/\/agora.xtec.cat\/insderodadebara\/eso\/eso-1\/construccio-mapamundi-per-activitats-al-pim-de-1r-eso\/\" title=\"Read Construcci\u00f3 MapaMundi per activitats al PIM de 1r ESO\">Llegeix m\u00e9s\u00bb<\/a><\/p>\n","protected":false},"author":1,"featured_media":390,"comment_status":"open","ping_status":"open","sticky":false,"template":"","format":"standard","meta":{"_bbp_topic_count":0,"_bbp_reply_count":0,"_bbp_total_topic_count":0,"_bbp_total_reply_count":0,"_bbp_voice_count":0,"_bbp_anonymous_reply_count":0,"_bbp_topic_count_hidden":0,"_bbp_reply_count_hidden":0,"_bbp_forum_subforum_count":0,"footnotes":""},"categories":[4,29],"tags":[65,67],"class_list":["post-389","post","type-post","status-publish","format-standard","has-post-thumbnail","hentry","category-eso-1","category-portada","tag-1reso","tag-socials"],"post_mailing_queue_ids":[],"_links":{"self":[{"href":"https:\/\/agora.xtec.cat\/insderodadebara\/wp-json\/wp\/v2\/posts\/389","targetHints":{"allow":["GET"]}}],"collection":[{"href":"https:\/\/agora.xtec.cat\/insderodadebara\/wp-json\/wp\/v2\/posts"}],"about":[{"href":"https:\/\/agora.xtec.cat\/insderodadebara\/wp-json\/wp\/v2\/types\/post"}],"author":[{"embeddable":true,"href":"https:\/\/agora.xtec.cat\/insderodadebara\/wp-json\/wp\/v2\/users\/1"}],"replies":[{"embeddable":true,"href":"https:\/\/agora.xtec.cat\/insderodadebara\/wp-json\/wp\/v2\/comments?post=389"}],"version-history":[{"count":2,"href":"https:\/\/agora.xtec.cat\/insderodadebara\/wp-json\/wp\/v2\/posts\/389\/revisions"}],"predecessor-version":[{"id":393,"href":"https:\/\/agora.xtec.cat\/insderodadebara\/wp-json\/wp\/v2\/posts\/389\/revisions\/393"}],"wp:featuredmedia":[{"embeddable":true,"href":"https:\/\/agora.xtec.cat\/insderodadebara\/wp-json\/wp\/v2\/media\/390"}],"wp:attachment":[{"href":"https:\/\/agora.xtec.cat\/insderodadebara\/wp-json\/wp\/v2\/media?parent=389"}],"wp:term":[{"taxonomy":"category","embeddable":true,"href":"https:\/\/agora.xtec.cat\/insderodadebara\/wp-json\/wp\/v2\/categories?post=389"},{"taxonomy":"post_tag","embeddable":true,"href":"https:\/\/agora.xtec.cat\/insderodadebara\/wp-json\/wp\/v2\/tags?post=389"}],"curies":[{"name":"wp","href":"https:\/\/api.w.org\/{rel}","templated":true}]}}