{"id":3883,"date":"2025-04-30T13:26:05","date_gmt":"2025-04-30T11:26:05","guid":{"rendered":"https:\/\/agora.xtec.cat\/insderodadebara\/?p=3883"},"modified":"2025-05-13T12:19:11","modified_gmt":"2025-05-13T10:19:11","slug":"erasmus-publicacio-de-la-puntuacio-provisional","status":"publish","type":"post","link":"https:\/\/agora.xtec.cat\/insderodadebara\/general\/erasmus-publicacio-de-la-puntuacio-provisional\/","title":{"rendered":"Erasmus+. Publicaci\u00f3 de la puntuaci\u00f3 provisional."},"content":{"rendered":"<p>Es fan p\u00fabliques les puntuacions provisionals de les sol\u00b7licituds per participar en la mobilitat de curta durada del programa Erasmus+. Podeu consultar les puntuacions <a href=\"https:\/\/agora.xtec.cat\/insderodadebara\/wp-content\/uploads\/usu1145\/2025\/04\/Puntuacion-provisional-alumnado.pdf\">aqu\u00ed.<\/a><\/p>\n<p>&nbsp;<\/p>\n<p>&nbsp;<\/p>\n","protected":false},"excerpt":{"rendered":"<p>Es fan p\u00fabliques les puntuacions provisionals de les sol\u00b7licituds per participar en la mobilitat de curta durada del programa Erasmus+. Podeu consultar les puntuacions <a href=\"https:\/\/agora.xtec.cat\/insderodadebara\/wp-content\/uploads\/usu1145\/2025\/04\/Puntuacion-provisional-alumnado.pdf\">aqu\u00ed.<\/a><br \/>\n&nbsp;<br \/>\n&nbsp;<\/p>\n","protected":false},"author":1,"featured_media":0,"comment_status":"closed","ping_status":"closed","sticky":false,"template":"","format":"standard","meta":{"_bbp_topic_count":0,"_bbp_reply_count":0,"_bbp_total_topic_count":0,"_bbp_total_reply_count":0,"_bbp_voice_count":0,"_bbp_anonymous_reply_count":0,"_bbp_topic_count_hidden":0,"_bbp_reply_count_hidden":0,"_bbp_forum_subforum_count":0,"footnotes":""},"categories":[185,1,29],"tags":[],"class_list":["post-3883","post","type-post","status-publish","format-standard","hentry","category-erasmus-2","category-general","category-portada"],"post_mailing_queue_ids":[],"_links":{"self":[{"href":"https:\/\/agora.xtec.cat\/insderodadebara\/wp-json\/wp\/v2\/posts\/3883","targetHints":{"allow":["GET"]}}],"collection":[{"href":"https:\/\/agora.xtec.cat\/insderodadebara\/wp-json\/wp\/v2\/posts"}],"about":[{"href":"https:\/\/agora.xtec.cat\/insderodadebara\/wp-json\/wp\/v2\/types\/post"}],"author":[{"embeddable":true,"href":"https:\/\/agora.xtec.cat\/insderodadebara\/wp-json\/wp\/v2\/users\/1"}],"replies":[{"embeddable":true,"href":"https:\/\/agora.xtec.cat\/insderodadebara\/wp-json\/wp\/v2\/comments?post=3883"}],"version-history":[{"count":6,"href":"https:\/\/agora.xtec.cat\/insderodadebara\/wp-json\/wp\/v2\/posts\/3883\/revisions"}],"predecessor-version":[{"id":3900,"href":"https:\/\/agora.xtec.cat\/insderodadebara\/wp-json\/wp\/v2\/posts\/3883\/revisions\/3900"}],"wp:attachment":[{"href":"https:\/\/agora.xtec.cat\/insderodadebara\/wp-json\/wp\/v2\/media?parent=3883"}],"wp:term":[{"taxonomy":"category","embeddable":true,"href":"https:\/\/agora.xtec.cat\/insderodadebara\/wp-json\/wp\/v2\/categories?post=3883"},{"taxonomy":"post_tag","embeddable":true,"href":"https:\/\/agora.xtec.cat\/insderodadebara\/wp-json\/wp\/v2\/tags?post=3883"}],"curies":[{"name":"wp","href":"https:\/\/api.w.org\/{rel}","templated":true}]}}