{"id":3822,"date":"2025-01-30T11:59:00","date_gmt":"2025-01-30T10:59:00","guid":{"rendered":"https:\/\/agora.xtec.cat\/insderodadebara\/?p=3822"},"modified":"2025-10-23T09:54:12","modified_gmt":"2025-10-23T07:54:12","slug":"preinscripcio-2025-2026","status":"publish","type":"post","link":"https:\/\/agora.xtec.cat\/insderodadebara\/general\/preinscripcio-2025-2026\/","title":{"rendered":"NOVETAT 16-6-2025: Alumnes assignats al centre amb indicaci\u00f3 de la primera petici\u00f3."},"content":{"rendered":"<p>&nbsp;<\/p>\n<p><a href=\"https:\/\/agora.xtec.cat\/insderodadebara\/wp-content\/uploads\/usu1145\/2025\/01\/preinscripcio-dates-1.png\"><img loading=\"lazy\" decoding=\"async\" class=\"aligncenter size-full wp-image-3823\" src=\"https:\/\/agora.xtec.cat\/insderodadebara\/wp-content\/uploads\/usu1145\/2025\/01\/preinscripcio-dates-1.png\" alt=\"\" width=\"839\" height=\"463\" srcset=\"https:\/\/agora.xtec.cat\/insderodadebara\/wp-content\/uploads\/usu1145\/2025\/01\/preinscripcio-dates-1.png 839w, https:\/\/agora.xtec.cat\/insderodadebara\/wp-content\/uploads\/usu1145\/2025\/01\/preinscripcio-dates-1-300x166.png 300w, https:\/\/agora.xtec.cat\/insderodadebara\/wp-content\/uploads\/usu1145\/2025\/01\/preinscripcio-dates-1-768x424.png 768w\" sizes=\"auto, (max-width: 839px) 100vw, 839px\" \/><\/a><\/p>\n<p><strong>Per m\u00e9s informaci\u00f3:<\/strong> <a href=\"https:\/\/preinscripcio.gencat.cat\/ca\/inici\/index.html\" target=\"_blank\" rel=\"noopener\">https:\/\/preinscripcio.gencat.cat\/ca\/inici\/index.html<\/a><\/p>\n<p>Publicaci\u00f3 de l&#8217;oferta inicial de places:<strong><a href=\"https:\/\/agora.xtec.cat\/insderodadebara\/wp-content\/uploads\/usu1145\/2025\/01\/INFORME_OFERTA_OME_INFORME_OFERTA.pdf\">https:\/\/agora.xtec.cat\/insderodadebara\/wp-content\/uploads\/usu1145\/2025\/01\/INFORME_OFERTA_OME_INFORME_OFERTA.pdf<\/a><\/strong><\/p>\n<p><strong>Publicaci\u00f3 llista de sol\u00b7licituds que han demanat el centre i l&#8217;ensenyament en primera petici\u00f3 amb la puntuaci\u00f3 provisional a 24\/04\/2025:<\/strong>\u00a0<a href=\"https:\/\/agora.xtec.cat\/insderodadebara\/wp-content\/uploads\/usu1145\/2025\/01\/INFORME_BAREM_PROVISIONAL_BAREM.pdf\">INFORME_BAREM_PROVISIONAL_BAREM<\/a><\/p>\n<p><strong>Publicaci\u00f3 de la llista de sol\u00b7licituds que han demanat el centre i l&#8217;ensenyament en primera<\/strong><br \/>\n<strong>petici\u00f3 ordenada<\/strong> <a href=\"https:\/\/agora.xtec.cat\/insderodadebara\/wp-content\/uploads\/usu1145\/2025\/04\/INFORME_BAREM_DEFINITIU_BAREM.pdf\">INFORME_BAREM_DEFINITIU_BAREM\u00a0 <\/a>(Caldr\u00e0 esperar la llista d&#8217;admesos per tenir-ne la seguretat o obtenir l&#8217;assignaci\u00f3 en un centre diferent del primer. <em>Properament: consulta la pla\u00e7a obtinguda 16 de juny aprox.<\/em>)<\/p>\n<p><strong>\u00a0 \u00a0 \u00a0 \u00a0 \u00a0&#8211; <\/strong>Per m\u00e9s informaci\u00f3 i consulta de sol\u00b7licituds amb la puntuaci\u00f3 al web del departament <a href=\"https:\/\/preinscripcio.gencat.cat\/ca\/estudis\/eso\/inici\/\">https:\/\/preinscripcio.gencat.cat\/ca\/estudis\/eso\/preinscriute\/seguiment-sollicitud\/llista-sollicituds-puntuacio\/<\/a><\/p>\n<p><strong><em>NOVETAT <\/em>16-6-2025: Alumnes assignats al centre amb indicaci\u00f3 de la primera petici\u00f3 a 16\/06\/2025<\/strong><\/p>\n<p><a href=\"https:\/\/agora.xtec.cat\/insderodadebara\/wp-content\/uploads\/usu1145\/2025\/01\/INFORME_ASSIGNADES_INFORME_ASSIGNADES-2.pdf\">INFORME_ASSIGNADES_INFORME_ASSIGNADES<\/a><\/p>\n<p><strong>-Publicaci\u00f3 de la llista d&#8217;espera del centre a 16\/06\/2025<\/strong><\/p>\n<p><a href=\"https:\/\/agora.xtec.cat\/insderodadebara\/wp-content\/uploads\/usu1145\/2025\/01\/INFORME_LLISTA_ESPERA_OME_LLISTA_ESPERA.pdf\">INFORME_LLISTA_ESPERA_OME_LLISTA_ESPERA<\/a><\/p>\n<p>Per m\u00e9s informaci\u00f3:<\/p>\n<p><a href=\"https:\/\/preinscripcio.gencat.cat\/ca\/estudis\/eso\/preinscriute\/consulta\/llista-admesos\/\">https:\/\/preinscripcio.gencat.cat\/ca\/estudis\/eso\/preinscriute\/consulta\/llista-admesos\/<\/a><\/p>\n<p>&nbsp;<\/p>\n<p>&nbsp;<\/p>\n<p>&nbsp;<\/p>\n<p>&nbsp;<\/p>\n","protected":false},"excerpt":{"rendered":"<p>&nbsp;<br \/>\n<a href=\"https:\/\/agora.xtec.cat\/insderodadebara\/wp-content\/uploads\/usu1145\/2025\/01\/preinscripcio-dates-1.png\"><\/a><br \/>\nPer m\u00e9s informaci\u00f3: <a href=\"https:\/\/preinscripcio.gencat.cat\/ca\/inici\/index.html\" target=\"_blank\" rel=\"noopener\">https:\/\/preinscripcio.gencat.cat\/ca\/inici\/index.html<\/a><br \/>\nPublicaci\u00f3 de l&#8217;oferta inicial de places:<a href=\"https:\/\/agora.xtec.cat\/insderodadebara\/wp-content\/uploads\/usu1145\/2025\/01\/INFORME_OFERTA_OME_INFORME_OFERTA.pdf\">https:\/\/agora.xtec.cat\/insderodadebara\/wp-content\/uploads\/usu1145\/2025\/01\/INFORME_OFERTA_OME_INFORME_OFERTA.pdf<\/a><br \/>\nPublicaci\u00f3 llista de sol\u00b7licituds que han demanat el centre i l&#8217;ensenyament en primera petici\u00f3 amb la puntuaci\u00f3 provisional a 24\/04\/2025:\u00a0<a href=\"https:\/\/agora.xtec.cat\/insderodadebara\/wp-content\/uploads\/usu1145\/2025\/01\/INFORME_BAREM_PROVISIONAL_BAREM.pdf\">INFORME_BAREM_PROVISIONAL_BAREM<\/a><br \/>\nPublicaci\u00f3 de la llista de sol\u00b7licituds que han demanat el centre i&hellip;  <a href=\"https:\/\/agora.xtec.cat\/insderodadebara\/general\/preinscripcio-2025-2026\/\" title=\"Read NOVETAT 16-6-2025: Alumnes assignats al centre amb indicaci\u00f3 de la primera petici\u00f3.\">Llegeix m\u00e9s\u00bb<\/a><\/p>\n","protected":false},"author":1,"featured_media":0,"comment_status":"closed","ping_status":"closed","sticky":false,"template":"","format":"standard","meta":{"_bbp_topic_count":0,"_bbp_reply_count":0,"_bbp_total_topic_count":0,"_bbp_total_reply_count":0,"_bbp_voice_count":0,"_bbp_anonymous_reply_count":0,"_bbp_topic_count_hidden":0,"_bbp_reply_count_hidden":0,"_bbp_forum_subforum_count":0,"footnotes":""},"categories":[1,29],"tags":[],"class_list":["post-3822","post","type-post","status-publish","format-standard","hentry","category-general","category-portada"],"post_mailing_queue_ids":[],"_links":{"self":[{"href":"https:\/\/agora.xtec.cat\/insderodadebara\/wp-json\/wp\/v2\/posts\/3822","targetHints":{"allow":["GET"]}}],"collection":[{"href":"https:\/\/agora.xtec.cat\/insderodadebara\/wp-json\/wp\/v2\/posts"}],"about":[{"href":"https:\/\/agora.xtec.cat\/insderodadebara\/wp-json\/wp\/v2\/types\/post"}],"author":[{"embeddable":true,"href":"https:\/\/agora.xtec.cat\/insderodadebara\/wp-json\/wp\/v2\/users\/1"}],"replies":[{"embeddable":true,"href":"https:\/\/agora.xtec.cat\/insderodadebara\/wp-json\/wp\/v2\/comments?post=3822"}],"version-history":[{"count":6,"href":"https:\/\/agora.xtec.cat\/insderodadebara\/wp-json\/wp\/v2\/posts\/3822\/revisions"}],"predecessor-version":[{"id":4036,"href":"https:\/\/agora.xtec.cat\/insderodadebara\/wp-json\/wp\/v2\/posts\/3822\/revisions\/4036"}],"wp:attachment":[{"href":"https:\/\/agora.xtec.cat\/insderodadebara\/wp-json\/wp\/v2\/media?parent=3822"}],"wp:term":[{"taxonomy":"category","embeddable":true,"href":"https:\/\/agora.xtec.cat\/insderodadebara\/wp-json\/wp\/v2\/categories?post=3822"},{"taxonomy":"post_tag","embeddable":true,"href":"https:\/\/agora.xtec.cat\/insderodadebara\/wp-json\/wp\/v2\/tags?post=3822"}],"curies":[{"name":"wp","href":"https:\/\/api.w.org\/{rel}","templated":true}]}}