{"id":3777,"date":"2024-10-28T19:12:46","date_gmt":"2024-10-28T18:12:46","guid":{"rendered":"https:\/\/agora.xtec.cat\/insderodadebara\/?p=3777"},"modified":"2024-10-30T18:55:59","modified_gmt":"2024-10-30T17:55:59","slug":"ets-professor-del-nostre-centre-i-vols-participar-en-el-projecte","status":"publish","type":"post","link":"https:\/\/agora.xtec.cat\/insderodadebara\/erasmus-2\/ets-professor-del-nostre-centre-i-vols-participar-en-el-projecte\/","title":{"rendered":"Ets professor del nostre centre i vols participar en el projecte?"},"content":{"rendered":"<p>Descarrega la<a href=\"https:\/\/agora.xtec.cat\/insderodadebara\/wp-content\/uploads\/usu1145\/2024\/10\/SOL\u00b7LICITUD-PARTICIPACIO-CURSOS-DE-FORMACIO.docx.pdf\"> sol\u00b7licitud<\/a>.<\/p>\n<p><b>CRITERIS DE SELECCI\u00d3 PROFESSORAT ERASMUS+<\/b><\/p>\n<p><span style=\"font-weight: 400;\">Aquells docents de l\u2019Institut Roda de Ber\u00e0 interessats en participar en el proc\u00e9s de selecci\u00f3 per realitzar formaci\u00f3 i \u201cjob shadowing\u201d (observaci\u00f3 de bones pr\u00e0ctiques) a d\u2019altres pa\u00efsos de la comunitat europea poden presentar les seves sol\u00b7licituds del dia 31 d\u2019octubre fins el 19 de novembre de 2024 a la secretaria del centre.<\/span><\/p>\n<p><span style=\"font-weight: 400;\">Els seg\u00fcents criteris de selecci\u00f3 es tindran en consideraci\u00f3 si la demanda supera l\u2019oferta de places:<\/span><\/p>\n<ul>\n<li style=\"font-weight: 400;\" aria-level=\"1\"><span style=\"font-weight: 400;\">Situaci\u00f3 administrativa (inter\u00ed- 1 punt, funcionari amb pla\u00e7a provisional- 2 punts, funcionari amb pla\u00e7a definitiva- 3 punts)\u00a0<\/span><\/li>\n<li style=\"font-weight: 400;\" aria-level=\"1\"><span style=\"font-weight: 400;\">Antiguitat en el centre. (0,10 punts per any treballat al centre)\u00a0<\/span><\/li>\n<li style=\"font-weight: 400;\" aria-level=\"1\"><span style=\"font-weight: 400;\">Antiguitat en el departament d\u2019educaci\u00f3 (0,10 punts per any treballat al departament d\u2019educaci\u00f3\/ 0.05 per any treballat en centres privats o concertats)<\/span><\/li>\n<li style=\"font-weight: 400;\" aria-level=\"1\"><span style=\"font-weight: 400;\">Compet\u00e8ncia ling\u00fc\u00edstica en llengua anglesa. Els participants han d\u2019acreditar la seva compet\u00e8ncia amb un certificat oficial. (B1- 0,5 punts, B2- 1 punt, C1- 1,5 punts, C2\/ llicenciatura\/grau- 2 punts). Aquest criteri no es tindr\u00e0 en consideraci\u00f3 pel professorat que sol\u00b7licita un curs de formaci\u00f3 per a la millora de la llengua anglesa.<\/span><\/li>\n<li style=\"font-weight: 400;\" aria-level=\"1\"><span style=\"font-weight: 400;\">Cursos de formaci\u00f3. (0,20 punts per curs de 30 a 100 hores)<\/span><\/li>\n<li style=\"font-weight: 400;\" aria-level=\"1\"><span style=\"font-weight: 400;\">Perfils docents. (0,20 per perfil)<\/span><\/li>\n<li style=\"font-weight: 400;\" aria-level=\"1\"><span style=\"font-weight: 400;\">Carta motivaci\u00f3. (explicar la implicaci\u00f3 que la persona que sol\u00b7licita t\u00e9 al centre, projectes en els que participa, motius per participar en aquesta experi\u00e8ncia, qualitats que pot aportar, expectatives,..) (La puntuaci\u00f3 d\u2019aquest apartat tindr\u00e0 en consideraci\u00f3 els objectius del programa i del projecte presentat. El candidat o la candidata ser\u00e0 valorat en una escala de l\u20191 al 5 tenint en consideraci\u00f3 tots els objectius del programa.<\/span><\/li>\n<li style=\"font-weight: 400;\" aria-level=\"1\"><span style=\"font-weight: 400;\">Presentar la sol\u00b7licitud dins del termini establert.<\/span><\/li>\n<\/ul>\n<p>&nbsp;<\/p>\n<p><span style=\"font-weight: 400;\">Els participants es comprometen a:<\/span><\/p>\n<ul>\n<li style=\"font-weight: 400;\" aria-level=\"1\"><span style=\"font-weight: 400;\">Realitzar les mobilitat pactades.<\/span><\/li>\n<li style=\"font-weight: 400;\" aria-level=\"1\"><span style=\"font-weight: 400;\">Enviar cada dia un post per penjar a les xarxes socials i a la p\u00e0gina web del centre i fer-ne difusi\u00f3.<\/span><\/li>\n<li style=\"font-weight: 400;\" aria-level=\"1\"><span style=\"font-weight: 400;\">Difondre i compartir amb el claustre de professors els aprenentatges adquirits en les formacions\/ observacions amb l\u2019ajuda de suport digital.<\/span><\/li>\n<li style=\"font-weight: 400;\" aria-level=\"1\"><span style=\"font-weight: 400;\">Fer difusi\u00f3 a tota la comunitat educativa a trav\u00e9s de xerrades o a trav\u00e9s de les xarxes socials.\u00a0<\/span><\/li>\n<li style=\"font-weight: 400;\" aria-level=\"1\"><span style=\"font-weight: 400;\">Que faci de mentor a un m\u00ednim de 2 professors del centre perqu\u00e8 puguin implementar a les seves aules all\u00f2 que han apr\u00e8s durant les mobilitats.<\/span><\/li>\n<li style=\"font-weight: 400;\" aria-level=\"1\"><span style=\"font-weight: 400;\">Omplir la documentaci\u00f3 requerida pel programa Erasmus+.<\/span><\/li>\n<li style=\"font-weight: 400;\" aria-level=\"1\"><span style=\"font-weight: 400;\">Fer una mem\u00f2ria de l\u2019activitat realitzada.<\/span><\/li>\n<\/ul>\n<p><span style=\"font-weight: 400;\">Els participants poden optar per sol\u00b7licitar una o varies formacions. La selecci\u00f3 dels participants es far\u00e0 per separat.<\/span><\/p>\n<p><span style=\"font-weight: 400;\">El proc\u00e9s d\u2019avaluaci\u00f3 de les sol\u00b7licituds presentades es dur\u00e0 a terme per la directora del centre i la coordinadora Erasmus+.<\/span><\/p>\n<p><span style=\"font-weight: 400;\">Les puntuacions provisionals es faran p\u00fabliques el dia 25 de novembre al tauler Erasmus+ i a la secretaria del centre. Es poden presentar al\u00b7legacions del 25 al 29 de novembre presentant una sol\u00b7licitud de revisi\u00f3 de puntuaci\u00f3 a la secretaria del centre.<\/span><\/p>\n<p><span style=\"font-weight: 400;\">Les puntuacions definitives es publicaran el 4 de desembre en el tauler Erasmus+ i a la secretaria del centre. En cas d\u2019empat en les puntuacions, es procedir\u00e0 a fer sorteig p\u00fablic entre els participants amb puntuacions iguals el dia 11 de desembre de 2024 a la sala de professors a les 14:30.<\/span><\/p>\n","protected":false},"excerpt":{"rendered":"<p>Descarrega la<a href=\"https:\/\/agora.xtec.cat\/insderodadebara\/wp-content\/uploads\/usu1145\/2024\/10\/SOL\u00b7LICITUD-PARTICIPACIO-CURSOS-DE-FORMACIO.docx.pdf\"> sol\u00b7licitud<\/a>.<br \/>\nCRITERIS DE SELECCI\u00d3 PROFESSORAT ERASMUS+<br \/>\nAquells docents de l\u2019Institut Roda de Ber\u00e0 interessats en participar en el proc\u00e9s de selecci\u00f3 per realitzar formaci\u00f3 i \u201cjob shadowing\u201d (observaci\u00f3 de bones pr\u00e0ctiques) a d\u2019altres pa\u00efsos de la comunitat europea poden presentar les seves sol\u00b7licituds del&hellip;  <a href=\"https:\/\/agora.xtec.cat\/insderodadebara\/erasmus-2\/ets-professor-del-nostre-centre-i-vols-participar-en-el-projecte\/\" title=\"Read Ets professor del nostre centre i vols participar en el projecte?\">Llegeix m\u00e9s\u00bb<\/a><\/p>\n","protected":false},"author":1,"featured_media":0,"comment_status":"closed","ping_status":"closed","sticky":false,"template":"","format":"standard","meta":{"_bbp_topic_count":0,"_bbp_reply_count":0,"_bbp_total_topic_count":0,"_bbp_total_reply_count":0,"_bbp_voice_count":0,"_bbp_anonymous_reply_count":0,"_bbp_topic_count_hidden":0,"_bbp_reply_count_hidden":0,"_bbp_forum_subforum_count":0,"footnotes":""},"categories":[185],"tags":[184],"class_list":["post-3777","post","type-post","status-publish","format-standard","hentry","category-erasmus-2","tag-erasmus"],"post_mailing_queue_ids":[],"_links":{"self":[{"href":"https:\/\/agora.xtec.cat\/insderodadebara\/wp-json\/wp\/v2\/posts\/3777","targetHints":{"allow":["GET"]}}],"collection":[{"href":"https:\/\/agora.xtec.cat\/insderodadebara\/wp-json\/wp\/v2\/posts"}],"about":[{"href":"https:\/\/agora.xtec.cat\/insderodadebara\/wp-json\/wp\/v2\/types\/post"}],"author":[{"embeddable":true,"href":"https:\/\/agora.xtec.cat\/insderodadebara\/wp-json\/wp\/v2\/users\/1"}],"replies":[{"embeddable":true,"href":"https:\/\/agora.xtec.cat\/insderodadebara\/wp-json\/wp\/v2\/comments?post=3777"}],"version-history":[{"count":5,"href":"https:\/\/agora.xtec.cat\/insderodadebara\/wp-json\/wp\/v2\/posts\/3777\/revisions"}],"predecessor-version":[{"id":3784,"href":"https:\/\/agora.xtec.cat\/insderodadebara\/wp-json\/wp\/v2\/posts\/3777\/revisions\/3784"}],"wp:attachment":[{"href":"https:\/\/agora.xtec.cat\/insderodadebara\/wp-json\/wp\/v2\/media?parent=3777"}],"wp:term":[{"taxonomy":"category","embeddable":true,"href":"https:\/\/agora.xtec.cat\/insderodadebara\/wp-json\/wp\/v2\/categories?post=3777"},{"taxonomy":"post_tag","embeddable":true,"href":"https:\/\/agora.xtec.cat\/insderodadebara\/wp-json\/wp\/v2\/tags?post=3777"}],"curies":[{"name":"wp","href":"https:\/\/api.w.org\/{rel}","templated":true}]}}