{"id":3765,"date":"2024-10-24T08:00:39","date_gmt":"2024-10-24T06:00:39","guid":{"rendered":"https:\/\/agora.xtec.cat\/insderodadebara\/?p=3765"},"modified":"2024-10-25T12:18:05","modified_gmt":"2024-10-25T10:18:05","slug":"concurs-logo","status":"publish","type":"post","link":"https:\/\/agora.xtec.cat\/insderodadebara\/portada\/concurs-logo\/","title":{"rendered":"Concurs logo Erasmus +"},"content":{"rendered":"<p><strong>Ajuda\u2019ns a escollir la nostra imatge del projecte Erasmus+<\/strong><\/p>\n<p>&nbsp;<\/p>\n<p><a href=\"https:\/\/agora.xtec.cat\/insderodadebara\/wp-content\/uploads\/usu1145\/2024\/10\/cartell-concurs-logo.jpg\"><img loading=\"lazy\" decoding=\"async\" class=\"wp-image-3766 alignleft\" src=\"https:\/\/agora.xtec.cat\/insderodadebara\/wp-content\/uploads\/usu1145\/2024\/10\/cartell-concurs-logo.jpg\" alt=\"\" width=\"454\" height=\"454\" srcset=\"https:\/\/agora.xtec.cat\/insderodadebara\/wp-content\/uploads\/usu1145\/2024\/10\/cartell-concurs-logo.jpg 1080w, https:\/\/agora.xtec.cat\/insderodadebara\/wp-content\/uploads\/usu1145\/2024\/10\/cartell-concurs-logo-300x300.jpg 300w, https:\/\/agora.xtec.cat\/insderodadebara\/wp-content\/uploads\/usu1145\/2024\/10\/cartell-concurs-logo-1024x1024.jpg 1024w, https:\/\/agora.xtec.cat\/insderodadebara\/wp-content\/uploads\/usu1145\/2024\/10\/cartell-concurs-logo-150x150.jpg 150w, https:\/\/agora.xtec.cat\/insderodadebara\/wp-content\/uploads\/usu1145\/2024\/10\/cartell-concurs-logo-768x768.jpg 768w\" sizes=\"auto, (max-width: 454px) 100vw, 454px\" \/><\/a><\/p>\n<p><span style=\"font-weight: 400;\">Aquestes bases regulen el concurs del cartell del projecte Erasmus+ <\/span><b>\u201cBE PART OF THE CHANGE! SOCIAL AND ENVIRONMENTAL AWARENESS DIGITAL CAMPAIGNS. Institut Roda de Ber\u00e0\u201d<\/b><span style=\"font-weight: 400;\"> que t\u00e9 com a doble objectiu:\u00a0<\/span><\/p>\n<ul>\n<li style=\"font-weight: 400;\" aria-level=\"1\"><span style=\"font-weight: 400;\">Fomentar la participaci\u00f3 de l\u2019alumnat en la creaci\u00f3 d\u2019una obra art\u00edstica.<\/span><\/li>\n<li style=\"font-weight: 400;\" aria-level=\"1\"><span style=\"font-weight: 400;\">Seleccionar la imatge gr\u00e0fica del projecte<\/span><\/li>\n<\/ul>\n<p><b>PARTICIPACI\u00d3\u00a0<\/b><\/p>\n<p><span style=\"font-weight: 400;\">Poden participar al concurs tot l\u2019alumnat del centre. Cadascuna de les persones participants, nom\u00e9s podr\u00e0 presentar una \u00fanica obra.\u00a0<\/span><\/p>\n<p><b>PREMI<\/b><\/p>\n<ul>\n<li style=\"font-weight: 400;\" aria-level=\"1\"><span style=\"font-weight: 400;\">Pack de material Erasmus +<\/span><\/li>\n<li style=\"font-weight: 400;\" aria-level=\"1\"><span style=\"font-weight: 400;\">Motxilla<\/span><\/li>\n<li style=\"font-weight: 400;\" aria-level=\"1\"><span style=\"font-weight: 400;\">El guanyador\/a obtindr\u00e0 una puntuaci\u00f3 extra per a la convocat\u00f2ria de selecci\u00f3 de l\u2019alumnat de 0.15 punts. (Per a alumnat que cursi els cursos de 3r)\u00a0<\/span><\/li>\n<\/ul>\n<p><b>OBRES\u00a0<\/b><\/p>\n<p><span style=\"font-weight: 400;\">Les obres han de ser individuals i originals i no han d\u2019haver estat divulgades, exposades ni premiades en altres concursos.\u00a0<\/span><\/p>\n<p><span style=\"font-weight: 400;\">Es podr\u00e0 utilitzar la t\u00e8cnica que es consideri m\u00e9s adequada (pintura, il\u00b7lustraci\u00f3, fotografia, collage, canva etc.).\u00a0<\/span><\/p>\n<p><span style=\"font-weight: 400;\">En el cas que es comprovi que un cartell guanyador ha estat fet per intel\u00b7lig\u00e8ncia artificial (IA) o presenti indicis de plagi la persona autora ser\u00e0 desqualificada.<\/span><\/p>\n<p><span style=\"font-weight: 400;\">El text que ha de figurar al cartell \u00e9s \u201cBE PART OF THE CHANGE! SOCIAL AND ENVIRONMENTAL AWARENESS DIGITAL CAMPAIGNS. En cas que no hi figuri el text indicat, el cartell NO podr\u00e0 participar al concurs.\u00a0<\/span><\/p>\n<p><span style=\"font-weight: 400;\">El tamany ha de ser en DINA 3 o DINA 4\u00a0 i en vertical.\u00a0<\/span><\/p>\n<p>&nbsp;<\/p>\n<p><b>PRESENTACI\u00d3 DELS ORIGINALS\u00a0<\/b><\/p>\n<p><span style=\"font-weight: 400;\">Les obres s\u2019han lliurar en secret\u00e0ria fins 30 de novembre. Amb el nom, cognoms i classe de l\u2019autor\/a escrit per darrera si \u00e9s format f\u00edsic. Si \u00e9s format digital s\u2019haur\u00e0 de lliurar en format pdf al correu daviniaquijada@insrdb.cat<\/span><\/p>\n<p><b>JURAT\u00a0<\/b><\/p>\n<p><span style=\"font-weight: 400;\">El jurat qualificador estar\u00e0 format per la Comissi\u00f3 Erasmus + del centre.\u00a0<\/span><\/p>\n<p><span style=\"font-weight: 400;\">El veredicte del jurat ser\u00e0 inapel\u00b7lable.\u00a0<\/span><\/p>\n<p><b>ACTE DE LLIURAMENT DELS PREMIS<\/b><span style=\"font-weight: 400;\">\u00a0<\/span><\/p>\n<p><span style=\"font-weight: 400;\">El veredicte del jurat es far\u00e0 p\u00fablic a trav\u00e9s de les xarxes socials del centre i es comunicar\u00e0 presencialment al guanyador\/a.<\/span><\/p>\n<p><b>PROPIETAT DE L\u2019 OBRA GUANYADORA<\/b><\/p>\n<p><span style=\"font-weight: 400;\">El cartell guanyador ser\u00e0 el logo del nostre projecte Erasmus+ K122 i es publicitar\u00e0 a xarxes socials i espais del centre.\u00a0<\/span><\/p>\n<p><b>ACCEPTACI\u00d3 DE LES BASES\u00a0<\/b><\/p>\n<p><span style=\"font-weight: 400;\">La participaci\u00f3 en el concurs comporta l\u2019acceptaci\u00f3 d\u2019aquestes bases.<\/span><\/p>\n","protected":false},"excerpt":{"rendered":"<p>Ajuda\u2019ns a escollir la nostra imatge del projecte Erasmus+<br \/>\n&nbsp;<br \/>\n<a href=\"https:\/\/agora.xtec.cat\/insderodadebara\/wp-content\/uploads\/usu1145\/2024\/10\/cartell-concurs-logo.jpg\"><\/a><br \/>\nAquestes bases regulen el concurs del cartell del projecte Erasmus+ \u201cBE PART OF THE CHANGE! SOCIAL AND ENVIRONMENTAL AWARENESS DIGITAL CAMPAIGNS. Institut Roda de Ber\u00e0\u201d que t\u00e9 com a doble objectiu:\u00a0<\/p>\n<ul>\n<li style=\"font-weight: 400;\" aria-level=\"1\">Fomentar la participaci\u00f3&hellip;  <a href=\"https:\/\/agora.xtec.cat\/insderodadebara\/portada\/concurs-logo\/\" title=\"Read Concurs logo Erasmus +\">Llegeix m\u00e9s\u00bb<\/a><br \/>\n","protected":false},"author":1,"featured_media":3766,"comment_status":"closed","ping_status":"closed","sticky":false,"template":"","format":"standard","meta":{"_bbp_topic_count":0,"_bbp_reply_count":0,"_bbp_total_topic_count":0,"_bbp_total_reply_count":0,"_bbp_voice_count":0,"_bbp_anonymous_reply_count":0,"_bbp_topic_count_hidden":0,"_bbp_reply_count_hidden":0,"_bbp_forum_subforum_count":0,"footnotes":""},"categories":[185,29],"tags":[],"class_list":["post-3765","post","type-post","status-publish","format-standard","has-post-thumbnail","hentry","category-erasmus-2","category-portada"],"post_mailing_queue_ids":[],"_links":{"self":[{"href":"https:\/\/agora.xtec.cat\/insderodadebara\/wp-json\/wp\/v2\/posts\/3765","targetHints":{"allow":["GET"]}}],"collection":[{"href":"https:\/\/agora.xtec.cat\/insderodadebara\/wp-json\/wp\/v2\/posts"}],"about":[{"href":"https:\/\/agora.xtec.cat\/insderodadebara\/wp-json\/wp\/v2\/types\/post"}],"author":[{"embeddable":true,"href":"https:\/\/agora.xtec.cat\/insderodadebara\/wp-json\/wp\/v2\/users\/1"}],"replies":[{"embeddable":true,"href":"https:\/\/agora.xtec.cat\/insderodadebara\/wp-json\/wp\/v2\/comments?post=3765"}],"version-history":[{"count":6,"href":"https:\/\/agora.xtec.cat\/insderodadebara\/wp-json\/wp\/v2\/posts\/3765\/revisions"}],"predecessor-version":[{"id":3774,"href":"https:\/\/agora.xtec.cat\/insderodadebara\/wp-json\/wp\/v2\/posts\/3765\/revisions\/3774"}],"wp:featuredmedia":[{"embeddable":true,"href":"https:\/\/agora.xtec.cat\/insderodadebara\/wp-json\/wp\/v2\/media\/3766"}],"wp:attachment":[{"href":"https:\/\/agora.xtec.cat\/insderodadebara\/wp-json\/wp\/v2\/media?parent=3765"}],"wp:term":[{"taxonomy":"category","embeddable":true,"href":"https:\/\/agora.xtec.cat\/insderodadebara\/wp-json\/wp\/v2\/categories?post=3765"},{"taxonomy":"post_tag","embeddable":true,"href":"https:\/\/agora.xtec.cat\/insderodadebara\/wp-json\/wp\/v2\/tags?post=3765"}],"curies":[{"name":"wp","href":"https:\/\/api.w.org\/{rel}","templated":true}]}}