{"id":3663,"date":"2024-09-06T09:59:23","date_gmt":"2024-09-06T07:59:23","guid":{"rendered":"https:\/\/agora.xtec.cat\/insderodadebara\/?p=3663"},"modified":"2024-09-06T10:03:20","modified_gmt":"2024-09-06T08:03:20","slug":"inici-de-curs-24-25-indicacions-per-al-dia-9-de-setembre","status":"publish","type":"post","link":"https:\/\/agora.xtec.cat\/insderodadebara\/general\/inici-de-curs-24-25-indicacions-per-al-dia-9-de-setembre\/","title":{"rendered":"Inici de curs 24-25. Indicacions per al dia 9 de setembre"},"content":{"rendered":"<p data-pm-slice=\"1 1 []\">Hola a tothom!<\/p>\n<p data-pm-slice=\"1 1 []\">Tornem amb les piles carregades i, ara s\u00ed, al flamant centre nou.<\/p>\n<p data-pm-slice=\"1 1 []\">Us esperem aquest proper dilluns, dia 9 de setembre, amb les indicacions seg\u00fcents, tenint en compte que l&#8217;horari de l&#8217;alumnat ser\u00e0 progressiu i d&#8217;acollida:<\/p>\n<ul>\n<li>1r d&#8217;ESO: entrada a les 9.30 h<\/li>\n<li>2n d&#8217;ESO: entrada a les 11.30 h<\/li>\n<li>3r d&#8217;ESO: entrada a les 12.00 h<\/li>\n<li>4t d&#8217;ESO: entrada a les 13.00 h<\/li>\n<\/ul>\n<p>Els nens i nenes hauran d&#8217;accedir a l&#8217;institut per la porta principal, que es troba davant del CAP. Si un alumne fa \u00fas del transport escolar o no pot venir a l&#8217;hora que indiquem, pot assistir al centre en l&#8217;horari habitual de 8.00 h a 14.30 h perqu\u00e8 ser\u00e0 at\u00e8s.<\/p>\n<p>Fins dilluns!<\/p>\n<p><a href=\"https:\/\/agora.xtec.cat\/insderodadebara\/wp-content\/uploads\/usu1145\/2024\/09\/turu.-inici-de-curs.jpg\"><img loading=\"lazy\" decoding=\"async\" class=\"aligncenter size-full wp-image-3664\" src=\"https:\/\/agora.xtec.cat\/insderodadebara\/wp-content\/uploads\/usu1145\/2024\/09\/turu.-inici-de-curs.jpg\" alt=\"\" width=\"960\" height=\"921\" srcset=\"https:\/\/agora.xtec.cat\/insderodadebara\/wp-content\/uploads\/usu1145\/2024\/09\/turu.-inici-de-curs.jpg 960w, https:\/\/agora.xtec.cat\/insderodadebara\/wp-content\/uploads\/usu1145\/2024\/09\/turu.-inici-de-curs-300x288.jpg 300w, https:\/\/agora.xtec.cat\/insderodadebara\/wp-content\/uploads\/usu1145\/2024\/09\/turu.-inici-de-curs-768x737.jpg 768w\" sizes=\"auto, (max-width: 960px) 100vw, 960px\" \/><\/a><\/p>\n","protected":false},"excerpt":{"rendered":"<p>Hola a tothom!<br \/>\nTornem amb les piles carregades i, ara s\u00ed, al flamant centre nou.<br \/>\nUs esperem aquest proper dilluns, dia 9 de setembre, amb les indicacions seg\u00fcents, tenint en compte que l&#8217;horari de l&#8217;alumnat ser\u00e0 progressiu i d&#8217;acollida:<\/p>\n<ul>\n<li>1r d&#8217;ESO: entrada a les 9.30 h<\/li>\n<li>2n d&#8217;ESO: entrada&hellip;  <a href=\"https:\/\/agora.xtec.cat\/insderodadebara\/general\/inici-de-curs-24-25-indicacions-per-al-dia-9-de-setembre\/\" title=\"Read Inici de curs 24-25. Indicacions per al dia 9 de setembre\">Llegeix m\u00e9s\u00bb<\/a><br \/>\n","protected":false},"author":1,"featured_media":0,"comment_status":"closed","ping_status":"closed","sticky":false,"template":"","format":"standard","meta":{"_bbp_topic_count":0,"_bbp_reply_count":0,"_bbp_total_topic_count":0,"_bbp_total_reply_count":0,"_bbp_voice_count":0,"_bbp_anonymous_reply_count":0,"_bbp_topic_count_hidden":0,"_bbp_reply_count_hidden":0,"_bbp_forum_subforum_count":0,"footnotes":""},"categories":[1,29],"tags":[],"class_list":["post-3663","post","type-post","status-publish","format-standard","hentry","category-general","category-portada"],"post_mailing_queue_ids":[],"_links":{"self":[{"href":"https:\/\/agora.xtec.cat\/insderodadebara\/wp-json\/wp\/v2\/posts\/3663","targetHints":{"allow":["GET"]}}],"collection":[{"href":"https:\/\/agora.xtec.cat\/insderodadebara\/wp-json\/wp\/v2\/posts"}],"about":[{"href":"https:\/\/agora.xtec.cat\/insderodadebara\/wp-json\/wp\/v2\/types\/post"}],"author":[{"embeddable":true,"href":"https:\/\/agora.xtec.cat\/insderodadebara\/wp-json\/wp\/v2\/users\/1"}],"replies":[{"embeddable":true,"href":"https:\/\/agora.xtec.cat\/insderodadebara\/wp-json\/wp\/v2\/comments?post=3663"}],"version-history":[{"count":3,"href":"https:\/\/agora.xtec.cat\/insderodadebara\/wp-json\/wp\/v2\/posts\/3663\/revisions"}],"predecessor-version":[{"id":3667,"href":"https:\/\/agora.xtec.cat\/insderodadebara\/wp-json\/wp\/v2\/posts\/3663\/revisions\/3667"}],"wp:attachment":[{"href":"https:\/\/agora.xtec.cat\/insderodadebara\/wp-json\/wp\/v2\/media?parent=3663"}],"wp:term":[{"taxonomy":"category","embeddable":true,"href":"https:\/\/agora.xtec.cat\/insderodadebara\/wp-json\/wp\/v2\/categories?post=3663"},{"taxonomy":"post_tag","embeddable":true,"href":"https:\/\/agora.xtec.cat\/insderodadebara\/wp-json\/wp\/v2\/tags?post=3663"}],"curies":[{"name":"wp","href":"https:\/\/api.w.org\/{rel}","templated":true}]}}