{"id":3589,"date":"2024-06-08T11:27:09","date_gmt":"2024-06-08T09:27:09","guid":{"rendered":"https:\/\/agora.xtec.cat\/insderodadebara\/?p=3589"},"modified":"2024-06-08T11:28:13","modified_gmt":"2024-06-08T09:28:13","slug":"els-alumnes-de-1r-graven-els-seus-programes-a-roda-de-bera-radio","status":"publish","type":"post","link":"https:\/\/agora.xtec.cat\/insderodadebara\/general\/els-alumnes-de-1r-graven-els-seus-programes-a-roda-de-bera-radio\/","title":{"rendered":"Els alumnes de 1r graven els seus programes a Roda de Ber\u00e0 R\u00e0dio"},"content":{"rendered":"<p>Aquestes dues darreres setmanes els alumnes de 1r A, 1r B i 1r C han passat per l&#8217;estudi de Roda de Ber\u00e0 R\u00e0dio per enregistrar-hi el programa que han preparat des de la mat\u00e8ria de Catal\u00e0. S&#8217;hi poden escoltar not\u00edcies, recomanacions culturals de tota mena, debats, queixes i millores de l&#8217;institut i del municipi, entrevistes i moltes can\u00e7ons.<\/p>\n<p>Moltes gr\u00e0cies, un any m\u00e9s, a tot l&#8217;equip de Roda de Ber\u00e0 R\u00e0dio tant per la predisposici\u00f3 com per l&#8217;acollida!<\/p>\n<p>Els podeu escoltar a partir dels enlla\u00e7os seg\u00fcents:<\/p>\n<p><strong>1r A<\/strong>: <a href=\"https:\/\/www.rodadeberaradio.cat\/programs\/programes-especials\/radiorodadebera_podcast_594\">https:\/\/www.rodadeberaradio.cat\/programs\/programes-especials\/radiorodadebera_podcast_594<\/a><\/p>\n<p><strong>1r B<\/strong>: <a href=\"https:\/\/www.rodadeberaradio.cat\/programs\/programes-especials\/radiorodadebera_podcast_607\">https:\/\/www.rodadeberaradio.cat\/programs\/programes-especials\/radiorodadebera_podcast_607<\/a><\/p>\n<p><strong>1r C<\/strong>: <a href=\"https:\/\/www.rodadeberaradio.cat\/programs\/programes-especials\/radiorodadebera_podcast_588\">https:\/\/www.rodadeberaradio.cat\/programs\/programes-especials\/radiorodadebera_podcast_588<\/a><\/p>\n<p>&nbsp;<\/p>\n<p>Gaudiu-los!<\/p>\n<p>&nbsp;<\/p>\n<p><a href=\"https:\/\/agora.xtec.cat\/insderodadebara\/wp-content\/uploads\/usu1145\/2024\/06\/PHOTO-2024-06-03-14-14-15.jpg\"><img loading=\"lazy\" decoding=\"async\" class=\"aligncenter size-full wp-image-3590\" src=\"https:\/\/agora.xtec.cat\/insderodadebara\/wp-content\/uploads\/usu1145\/2024\/06\/PHOTO-2024-06-03-14-14-15.jpg\" alt=\"\" width=\"1600\" height=\"902\" srcset=\"https:\/\/agora.xtec.cat\/insderodadebara\/wp-content\/uploads\/usu1145\/2024\/06\/PHOTO-2024-06-03-14-14-15.jpg 1600w, https:\/\/agora.xtec.cat\/insderodadebara\/wp-content\/uploads\/usu1145\/2024\/06\/PHOTO-2024-06-03-14-14-15-300x169.jpg 300w, https:\/\/agora.xtec.cat\/insderodadebara\/wp-content\/uploads\/usu1145\/2024\/06\/PHOTO-2024-06-03-14-14-15-1024x577.jpg 1024w, https:\/\/agora.xtec.cat\/insderodadebara\/wp-content\/uploads\/usu1145\/2024\/06\/PHOTO-2024-06-03-14-14-15-768x433.jpg 768w, https:\/\/agora.xtec.cat\/insderodadebara\/wp-content\/uploads\/usu1145\/2024\/06\/PHOTO-2024-06-03-14-14-15-1536x866.jpg 1536w\" sizes=\"auto, (max-width: 1600px) 100vw, 1600px\" \/><\/a><\/p>\n","protected":false},"excerpt":{"rendered":"<p>Aquestes dues darreres setmanes els alumnes de 1r A, 1r B i 1r C han passat per l&#8217;estudi de Roda de Ber\u00e0 R\u00e0dio per enregistrar-hi el programa que han preparat des de la mat\u00e8ria de Catal\u00e0. S&#8217;hi poden escoltar not\u00edcies, recomanacions culturals de tota mena,&hellip;  <a href=\"https:\/\/agora.xtec.cat\/insderodadebara\/general\/els-alumnes-de-1r-graven-els-seus-programes-a-roda-de-bera-radio\/\" title=\"Read Els alumnes de 1r graven els seus programes a Roda de Ber\u00e0 R\u00e0dio\">Llegeix m\u00e9s\u00bb<\/a><\/p>\n","protected":false},"author":1,"featured_media":0,"comment_status":"closed","ping_status":"closed","sticky":false,"template":"","format":"standard","meta":{"_bbp_topic_count":0,"_bbp_reply_count":0,"_bbp_total_topic_count":0,"_bbp_total_reply_count":0,"_bbp_voice_count":0,"_bbp_anonymous_reply_count":0,"_bbp_topic_count_hidden":0,"_bbp_reply_count_hidden":0,"_bbp_forum_subforum_count":0,"footnotes":""},"categories":[3,1,29],"tags":[],"class_list":["post-3589","post","type-post","status-publish","format-standard","hentry","category-eso","category-general","category-portada"],"post_mailing_queue_ids":[],"_links":{"self":[{"href":"https:\/\/agora.xtec.cat\/insderodadebara\/wp-json\/wp\/v2\/posts\/3589","targetHints":{"allow":["GET"]}}],"collection":[{"href":"https:\/\/agora.xtec.cat\/insderodadebara\/wp-json\/wp\/v2\/posts"}],"about":[{"href":"https:\/\/agora.xtec.cat\/insderodadebara\/wp-json\/wp\/v2\/types\/post"}],"author":[{"embeddable":true,"href":"https:\/\/agora.xtec.cat\/insderodadebara\/wp-json\/wp\/v2\/users\/1"}],"replies":[{"embeddable":true,"href":"https:\/\/agora.xtec.cat\/insderodadebara\/wp-json\/wp\/v2\/comments?post=3589"}],"version-history":[{"count":2,"href":"https:\/\/agora.xtec.cat\/insderodadebara\/wp-json\/wp\/v2\/posts\/3589\/revisions"}],"predecessor-version":[{"id":3592,"href":"https:\/\/agora.xtec.cat\/insderodadebara\/wp-json\/wp\/v2\/posts\/3589\/revisions\/3592"}],"wp:attachment":[{"href":"https:\/\/agora.xtec.cat\/insderodadebara\/wp-json\/wp\/v2\/media?parent=3589"}],"wp:term":[{"taxonomy":"category","embeddable":true,"href":"https:\/\/agora.xtec.cat\/insderodadebara\/wp-json\/wp\/v2\/categories?post=3589"},{"taxonomy":"post_tag","embeddable":true,"href":"https:\/\/agora.xtec.cat\/insderodadebara\/wp-json\/wp\/v2\/tags?post=3589"}],"curies":[{"name":"wp","href":"https:\/\/api.w.org\/{rel}","templated":true}]}}