{"id":3586,"date":"2024-06-08T11:10:39","date_gmt":"2024-06-08T09:10:39","guid":{"rendered":"https:\/\/agora.xtec.cat\/insderodadebara\/?p=3586"},"modified":"2024-06-08T11:33:48","modified_gmt":"2024-06-08T09:33:48","slug":"emissio-del-programa-pica-lletres-radio","status":"publish","type":"post","link":"https:\/\/agora.xtec.cat\/insderodadebara\/general\/emissio-del-programa-pica-lletres-radio\/","title":{"rendered":"Emissi\u00f3 del programa Pica Lletres R\u00e0dio"},"content":{"rendered":"<p>Ja es pot escoltar el programa de Pica Lletres R\u00e0dio en el qual van participar tres alumnes de 2n el passat mes de mar\u00e7.<\/p>\n<p>El podeu escoltar a <a href=\"https:\/\/laxarxames.cat\/movie-details\/3633761\">https:\/\/laxarxames.cat\/movie-details\/3633761<\/a> (Us heu de crear un usuari i contrasenya gratu\u00efts per accedir-hi.)<\/p>\n<p><a href=\"https:\/\/agora.xtec.cat\/insderodadebara\/wp-content\/uploads\/usu1145\/2024\/06\/PHOTO-2024-03-01-11-14-02.jpg\"><img loading=\"lazy\" decoding=\"async\" class=\"aligncenter size-full wp-image-3587\" src=\"https:\/\/agora.xtec.cat\/insderodadebara\/wp-content\/uploads\/usu1145\/2024\/06\/PHOTO-2024-03-01-11-14-02.jpg\" alt=\"\" width=\"2048\" height=\"1532\" srcset=\"https:\/\/agora.xtec.cat\/insderodadebara\/wp-content\/uploads\/usu1145\/2024\/06\/PHOTO-2024-03-01-11-14-02.jpg 2048w, https:\/\/agora.xtec.cat\/insderodadebara\/wp-content\/uploads\/usu1145\/2024\/06\/PHOTO-2024-03-01-11-14-02-300x224.jpg 300w, https:\/\/agora.xtec.cat\/insderodadebara\/wp-content\/uploads\/usu1145\/2024\/06\/PHOTO-2024-03-01-11-14-02-1024x766.jpg 1024w, https:\/\/agora.xtec.cat\/insderodadebara\/wp-content\/uploads\/usu1145\/2024\/06\/PHOTO-2024-03-01-11-14-02-768x575.jpg 768w, https:\/\/agora.xtec.cat\/insderodadebara\/wp-content\/uploads\/usu1145\/2024\/06\/PHOTO-2024-03-01-11-14-02-1536x1149.jpg 1536w, https:\/\/agora.xtec.cat\/insderodadebara\/wp-content\/uploads\/usu1145\/2024\/06\/PHOTO-2024-03-01-11-14-02-200x150.jpg 200w\" sizes=\"auto, (max-width: 2048px) 100vw, 2048px\" \/><\/a><\/p>\n","protected":false},"excerpt":{"rendered":"<p>Ja es pot escoltar el programa de Pica Lletres R\u00e0dio en el qual van participar tres alumnes de 2n el passat mes de mar\u00e7.<br \/>\nEl podeu escoltar a <a href=\"https:\/\/laxarxames.cat\/movie-details\/3633761\">https:\/\/laxarxames.cat\/movie-details\/3633761<\/a> (Us heu de crear un usuari i contrasenya gratu\u00efts per accedir-hi.)<br \/>\n<a href=\"https:\/\/agora.xtec.cat\/insderodadebara\/wp-content\/uploads\/usu1145\/2024\/06\/PHOTO-2024-03-01-11-14-02.jpg\"><\/a><\/p>\n","protected":false},"author":1,"featured_media":0,"comment_status":"closed","ping_status":"closed","sticky":false,"template":"","format":"standard","meta":{"_bbp_topic_count":0,"_bbp_reply_count":0,"_bbp_total_topic_count":0,"_bbp_total_reply_count":0,"_bbp_voice_count":0,"_bbp_anonymous_reply_count":0,"_bbp_topic_count_hidden":0,"_bbp_reply_count_hidden":0,"_bbp_forum_subforum_count":0,"footnotes":""},"categories":[3,1,29],"tags":[],"class_list":["post-3586","post","type-post","status-publish","format-standard","hentry","category-eso","category-general","category-portada"],"post_mailing_queue_ids":[],"_links":{"self":[{"href":"https:\/\/agora.xtec.cat\/insderodadebara\/wp-json\/wp\/v2\/posts\/3586","targetHints":{"allow":["GET"]}}],"collection":[{"href":"https:\/\/agora.xtec.cat\/insderodadebara\/wp-json\/wp\/v2\/posts"}],"about":[{"href":"https:\/\/agora.xtec.cat\/insderodadebara\/wp-json\/wp\/v2\/types\/post"}],"author":[{"embeddable":true,"href":"https:\/\/agora.xtec.cat\/insderodadebara\/wp-json\/wp\/v2\/users\/1"}],"replies":[{"embeddable":true,"href":"https:\/\/agora.xtec.cat\/insderodadebara\/wp-json\/wp\/v2\/comments?post=3586"}],"version-history":[{"count":3,"href":"https:\/\/agora.xtec.cat\/insderodadebara\/wp-json\/wp\/v2\/posts\/3586\/revisions"}],"predecessor-version":[{"id":3594,"href":"https:\/\/agora.xtec.cat\/insderodadebara\/wp-json\/wp\/v2\/posts\/3586\/revisions\/3594"}],"wp:attachment":[{"href":"https:\/\/agora.xtec.cat\/insderodadebara\/wp-json\/wp\/v2\/media?parent=3586"}],"wp:term":[{"taxonomy":"category","embeddable":true,"href":"https:\/\/agora.xtec.cat\/insderodadebara\/wp-json\/wp\/v2\/categories?post=3586"},{"taxonomy":"post_tag","embeddable":true,"href":"https:\/\/agora.xtec.cat\/insderodadebara\/wp-json\/wp\/v2\/tags?post=3586"}],"curies":[{"name":"wp","href":"https:\/\/api.w.org\/{rel}","templated":true}]}}