{"id":3583,"date":"2024-05-20T13:28:17","date_gmt":"2024-05-20T11:28:17","guid":{"rendered":"https:\/\/agora.xtec.cat\/insderodadebara\/?p=3583"},"modified":"2024-05-20T13:28:57","modified_gmt":"2024-05-20T11:28:57","slug":"ultima-sessio-de-lescola-de-families-al-centre-23-5-2024","status":"publish","type":"post","link":"https:\/\/agora.xtec.cat\/insderodadebara\/general\/ultima-sessio-de-lescola-de-families-al-centre-23-5-2024\/","title":{"rendered":"\u00daltima sessi\u00f3 de l&#8217;Escola de Fam\u00edlies al centre (23.5.2024)"},"content":{"rendered":"<p>Aquest dijous, dia 23 de maig, de 18 h a 19.30 h, es portar\u00e0 a terme la quarta i \u00faltima sessi\u00f3 de l\u2019Escola de Fam\u00edlies al centre. Aquest cop, la xerrada ser\u00e0 de la m\u00e0 d\u2019Oriol Castellv\u00ed, mestre i especialista en fam\u00edlies i escola, que ens parlar\u00e0 justament d&#8217;eines i estrat\u00e8gies per ajudar als nostres fills i filles des de casa. \ud83d\udcda\ud83d\udc68\u200d\ud83d\udc68\u200d\ud83d\udc66\u200d\ud83d\udc66<\/p>\n<p>Hi esteu totes i tots convidats. #escoladefam\u00edlies #compodemajudardesdecasa #insrodadebera<\/p>\n<p>&nbsp;<\/p>\n<p><a href=\"https:\/\/agora.xtec.cat\/insderodadebara\/wp-content\/uploads\/usu1145\/2024\/05\/Escola-de-families-4a-sessio-23-24.jpg\"><img loading=\"lazy\" decoding=\"async\" class=\"aligncenter size-full wp-image-3584\" src=\"https:\/\/agora.xtec.cat\/insderodadebara\/wp-content\/uploads\/usu1145\/2024\/05\/Escola-de-families-4a-sessio-23-24.jpg\" alt=\"\" width=\"1587\" height=\"2245\" srcset=\"https:\/\/agora.xtec.cat\/insderodadebara\/wp-content\/uploads\/usu1145\/2024\/05\/Escola-de-families-4a-sessio-23-24.jpg 1587w, https:\/\/agora.xtec.cat\/insderodadebara\/wp-content\/uploads\/usu1145\/2024\/05\/Escola-de-families-4a-sessio-23-24-212x300.jpg 212w, https:\/\/agora.xtec.cat\/insderodadebara\/wp-content\/uploads\/usu1145\/2024\/05\/Escola-de-families-4a-sessio-23-24-724x1024.jpg 724w, https:\/\/agora.xtec.cat\/insderodadebara\/wp-content\/uploads\/usu1145\/2024\/05\/Escola-de-families-4a-sessio-23-24-768x1086.jpg 768w, https:\/\/agora.xtec.cat\/insderodadebara\/wp-content\/uploads\/usu1145\/2024\/05\/Escola-de-families-4a-sessio-23-24-1086x1536.jpg 1086w, https:\/\/agora.xtec.cat\/insderodadebara\/wp-content\/uploads\/usu1145\/2024\/05\/Escola-de-families-4a-sessio-23-24-1448x2048.jpg 1448w\" sizes=\"auto, (max-width: 1587px) 100vw, 1587px\" \/><\/a><\/p>\n","protected":false},"excerpt":{"rendered":"<p>Aquest dijous, dia 23 de maig, de 18 h a 19.30 h, es portar\u00e0 a terme la quarta i \u00faltima sessi\u00f3 de l\u2019Escola de Fam\u00edlies al centre. Aquest cop, la xerrada ser\u00e0 de la m\u00e0 d\u2019Oriol Castellv\u00ed, mestre i especialista en fam\u00edlies i escola, que&hellip;  <a href=\"https:\/\/agora.xtec.cat\/insderodadebara\/general\/ultima-sessio-de-lescola-de-families-al-centre-23-5-2024\/\" title=\"Read \u00daltima sessi\u00f3 de l&#8217;Escola de Fam\u00edlies al centre (23.5.2024)\">Llegeix m\u00e9s\u00bb<\/a><\/p>\n","protected":false},"author":1,"featured_media":0,"comment_status":"closed","ping_status":"closed","sticky":false,"template":"","format":"standard","meta":{"_bbp_topic_count":0,"_bbp_reply_count":0,"_bbp_total_topic_count":0,"_bbp_total_reply_count":0,"_bbp_voice_count":0,"_bbp_anonymous_reply_count":0,"_bbp_topic_count_hidden":0,"_bbp_reply_count_hidden":0,"_bbp_forum_subforum_count":0,"footnotes":""},"categories":[1,29],"tags":[],"class_list":["post-3583","post","type-post","status-publish","format-standard","hentry","category-general","category-portada"],"post_mailing_queue_ids":[],"_links":{"self":[{"href":"https:\/\/agora.xtec.cat\/insderodadebara\/wp-json\/wp\/v2\/posts\/3583","targetHints":{"allow":["GET"]}}],"collection":[{"href":"https:\/\/agora.xtec.cat\/insderodadebara\/wp-json\/wp\/v2\/posts"}],"about":[{"href":"https:\/\/agora.xtec.cat\/insderodadebara\/wp-json\/wp\/v2\/types\/post"}],"author":[{"embeddable":true,"href":"https:\/\/agora.xtec.cat\/insderodadebara\/wp-json\/wp\/v2\/users\/1"}],"replies":[{"embeddable":true,"href":"https:\/\/agora.xtec.cat\/insderodadebara\/wp-json\/wp\/v2\/comments?post=3583"}],"version-history":[{"count":1,"href":"https:\/\/agora.xtec.cat\/insderodadebara\/wp-json\/wp\/v2\/posts\/3583\/revisions"}],"predecessor-version":[{"id":3585,"href":"https:\/\/agora.xtec.cat\/insderodadebara\/wp-json\/wp\/v2\/posts\/3583\/revisions\/3585"}],"wp:attachment":[{"href":"https:\/\/agora.xtec.cat\/insderodadebara\/wp-json\/wp\/v2\/media?parent=3583"}],"wp:term":[{"taxonomy":"category","embeddable":true,"href":"https:\/\/agora.xtec.cat\/insderodadebara\/wp-json\/wp\/v2\/categories?post=3583"},{"taxonomy":"post_tag","embeddable":true,"href":"https:\/\/agora.xtec.cat\/insderodadebara\/wp-json\/wp\/v2\/tags?post=3583"}],"curies":[{"name":"wp","href":"https:\/\/api.w.org\/{rel}","templated":true}]}}