{"id":3501,"date":"2024-06-10T13:10:04","date_gmt":"2024-06-10T11:10:04","guid":{"rendered":"https:\/\/agora.xtec.cat\/insderodadebara\/?p=3501"},"modified":"2024-06-10T13:20:28","modified_gmt":"2024-06-10T11:20:28","slug":"jornada-de-portes-obertes-curs-2024-2025","status":"publish","type":"post","link":"https:\/\/agora.xtec.cat\/insderodadebara\/general\/jornada-de-portes-obertes-curs-2024-2025\/","title":{"rendered":"Oferta inicial-Preinscripci\u00f3- Llistat provisional- Llistat definitiu. Curs 2024-2025"},"content":{"rendered":"<h4><span style=\"color: #ff0000;\"><strong>Llista de sol\u00b7licituds amb la puntuaci\u00f3, un cop resoltes les reclamacions<\/strong><\/span><\/h4>\n<h6><a href=\"https:\/\/agora.xtec.cat\/insderodadebara\/wp-content\/uploads\/usu1145\/2024\/02\/INFORME_BAREM_RESOLTES_BAREM.pdf\">INFORME_BAREM_RESOLTES_BAREM<\/a><\/h6>\n<pre id=\"h22\">Les fam\u00edlies tamb\u00e9 podran accedir a la consulta individual <a href=\"https:\/\/preinscripcio.gencat.cat\/ca\/estudis\/eso\/preinscriute\/seguiment-sollicitud\/llista-despres-reclamacions\/\">https:\/\/preinscripcio.gencat.cat\/ca\/estudis\/eso\/preinscriute\/seguiment-sollicitud\/llista-despres-reclamacions\/<\/a><\/pre>\n<h4><\/h4>\n<h4><span style=\"color: #ff0000;\">Consulta<strong> la llista de sol\u00b7licituds amb la puntuaci\u00f3<\/strong><\/span><\/h4>\n<p><a href=\"https:\/\/agora.xtec.cat\/insderodadebara\/wp-content\/uploads\/usu1145\/2024\/02\/INFORME_BAREM_PROVISIONAL_BAREM.pdf\">INFORME_BAREM_PROVISIONAL_BAREM<\/a><\/p>\n<p>Les fam\u00edlies tamb\u00e9 podran accedir a la consulta individual, accedint a\u00a0<a href=\"https:\/\/preinscripcio.gencat.cat\/ca\/estudis\/eso\/preinscriute\/seguiment-sollicitud\/llista-sollicituds-puntuacio\/\" target=\"_blank\" rel=\"noopener\" data-saferedirecturl=\"https:\/\/www.google.com\/url?q=https:\/\/preinscripcio.gencat.cat\/ca\/estudis\/primaria\/preinscriute\/seguiment-sollicitud\/llista-sollicituds-puntuacio\/&amp;source=gmail&amp;ust=1713429255128000&amp;usg=AOvVaw0GXFN_HAKFGzHhVK3wgFkp\">Consulta la llista de sol\u00b7licituds amb la puntuaci\u00f3 provisional<\/a>, amb el DNI, NIE o passaport de la persona que va presentar la sol\u00b7licitud i el seu codi, a la web\u00a0<a href=\"http:\/\/preinscripcio.gencat.cat\/\" target=\"_blank\" rel=\"noopener\" data-saferedirecturl=\"https:\/\/www.google.com\/url?q=http:\/\/preinscripcio.gencat.cat&amp;source=gmail&amp;ust=1713429255128000&amp;usg=AOvVaw1b5cmJpxXPA9C4kCRoNd53\">preinscripcio.gencat.cat<\/a>.<\/p>\n<h4><span style=\"color: #ff0000;\"><strong>Per\u00edode per presentar reclamacions: del 17 al 22 d&#8217;abril de 2024<\/strong><\/span><\/h4>\n<p><a href=\"https:\/\/preinscripcio.gencat.cat\/ca\/estudis\/eso\/preinscriute\/seguiment-sollicitud\/llista-sollicituds-puntuacio\/\">https:\/\/preinscripcio.gencat.cat\/ca\/estudis\/eso\/preinscriute\/seguiment-sollicitud\/llista-sollicituds-puntuacio\/<\/a><\/p>\n<p><a href=\"https:\/\/youtu.be\/Y1HTJ25ueeY\">V\u00eddeo de com presentar una reclamaci\u00f3<\/a><\/p>\n<hr \/>\n<h4><span style=\"color: #ff0000;\"><strong>Preinscripci\u00f3 24-25<\/strong> :<\/span><\/h4>\n<p><a href=\"https:\/\/agora.xtec.cat\/insderodadebara\/wp-content\/uploads\/usu1145\/2024\/02\/1900x372.jpg\"><img loading=\"lazy\" decoding=\"async\" class=\"aligncenter size-full wp-image-3541\" src=\"https:\/\/agora.xtec.cat\/insderodadebara\/wp-content\/uploads\/usu1145\/2024\/02\/1900x372.jpg\" alt=\"\" width=\"1900\" height=\"373\" srcset=\"https:\/\/agora.xtec.cat\/insderodadebara\/wp-content\/uploads\/usu1145\/2024\/02\/1900x372.jpg 1900w, https:\/\/agora.xtec.cat\/insderodadebara\/wp-content\/uploads\/usu1145\/2024\/02\/1900x372-300x59.jpg 300w, https:\/\/agora.xtec.cat\/insderodadebara\/wp-content\/uploads\/usu1145\/2024\/02\/1900x372-1024x201.jpg 1024w, https:\/\/agora.xtec.cat\/insderodadebara\/wp-content\/uploads\/usu1145\/2024\/02\/1900x372-768x151.jpg 768w, https:\/\/agora.xtec.cat\/insderodadebara\/wp-content\/uploads\/usu1145\/2024\/02\/1900x372-1536x302.jpg 1536w\" sizes=\"auto, (max-width: 1900px) 100vw, 1900px\" \/><\/a><\/p>\n<p><a href=\"https:\/\/preinscripcio.gencat.cat\/ca\/estudis\/eso\/informat\/calendari\/\">https:\/\/preinscripcio.gencat.cat\/ca\/estudis\/eso\/informat\/calendari\/<\/a><\/p>\n<hr \/>\n<h4><span style=\"color: #ff0000;\">Oferta inicial de places 24-25<\/span><\/h4>\n<p><a href=\"https:\/\/agora.xtec.cat\/insderodadebara\/wp-content\/uploads\/usu1145\/2024\/02\/INFORME-OFERTA-OME-INFORME-OFERTA.pdf\">INFORME-OFERTA<\/a><\/p>\n<p>&nbsp;<\/p>\n<p><span style=\"color: #ff0000; font-size: 1.4375em; font-weight: bold;\">Matriculaci\u00f3 24-25<\/span><\/p>\n<div><\/div>\n<div>En el llistat seg\u00fcent, trobareu la documentaci\u00f3 relativa a:<\/div>\n<div><\/div>\n<ul>\n<li class=\"gmail_default\"><a href=\"https:\/\/agora.xtec.cat\/insderodadebara\/wp-content\/uploads\/usu1145\/2024\/06\/1.-INFORME_OFERTA_DEFINITIVA.pdf\">Oferta definitiva 07\/06\/2024<\/a><\/li>\n<li class=\"gmail_default\"><a href=\"https:\/\/agora.xtec.cat\/insderodadebara\/wp-content\/uploads\/usu1145\/2024\/06\/2.-INFORME_ASSIGNADES_INFORME_ASSIGNADES-2.pdf\">Alumnat assignats al centre 10\/06\/2024<\/a><\/li>\n<li class=\"gmail_default\"><a href=\"https:\/\/agora.xtec.cat\/insderodadebara\/wp-content\/uploads\/usu1145\/2024\/06\/3.-INFORME_LLISTA_ESPERA_OME_LLISTA_ESPERA.pdf\">Llista d&#8217;espera 10\/06\/2024\u00a0<\/a><\/li>\n<li class=\"gmail_default\"><a href=\"https:\/\/agora.xtec.cat\/insderodadebara\/wp-content\/uploads\/usu1145\/2024\/06\/4.-INFORME_PREINSCRITES_OME_INFORME_PREINSCRITES_OME.pdf\">Tot l&#8217;alumnat que ha sol\u00b7licitat pla\u00e7a al centre en 1a opci\u00f3 10\/06\/2024<\/a><\/li>\n<\/ul>\n<div class=\"gmail_default\"><\/div>\n<div class=\"gmail_default\">\n<h5><strong>Si alguna fam\u00edlia vol presentar una reclamaci\u00f3, ho pot fer de l&#8217;11 al 13 de juny a trav\u00e9s de l\u2019enlla\u00e7 que trobareu a la p\u00e0gina de preinscripci\u00f3:<\/strong><\/h5>\n<ul>\n<li><a href=\"https:\/\/educacio.gencat.cat\/ca\/tramits\/tramits-temes\/reclamacions-assignacions-preinscripcio-obligatoris?moda=1\" target=\"_blank\" rel=\"noopener\" data-saferedirecturl=\"https:\/\/www.google.com\/url?q=https:\/\/educacio.gencat.cat\/ca\/tramits\/tramits-temes\/reclamacions-assignacions-preinscripcio-obligatoris?moda%3D1&amp;source=gmail&amp;ust=1718100122742000&amp;usg=AOvVaw2hkuDw-TdhfF4H3dSf7mfD\">Presentar reclamaci\u00f3.<\/a><\/li>\n<\/ul>\n<div><\/div>\n<div>La fam\u00edlia de l&#8217;alumnat adm\u00e8s ha d&#8217;emplenar els seg\u00fcents documents i entregar-los al centre juntament amb l&#8217;original i fotoc\u00f2pia del llibre de vacunes.<\/div>\n<\/div>\n<div><\/div>\n<div><\/div>\n<div><\/div>\n<div class=\"gmail_default\">\n<div>Descarregueu l&#8217;aplicaci\u00f3 Dinantia si encara no la feu servir i entreu amb el correu electr\u00f2nic que fareu constar al full de matr\u00edcula.<\/div>\n<ul>\n<li><a href=\"https:\/\/agora.xtec.cat\/insderodadebara\/wp-content\/uploads\/usu1145\/2024\/06\/24-25-formalitzacio-matricula-2024.pdf\">Full matr\u00edcula<\/a><\/li>\n<li><a href=\"https:\/\/agora.xtec.cat\/insderodadebara\/wp-content\/uploads\/usu1145\/2024\/06\/24-25-documents-drets-menors-14-anys.pdf\">Autoritzacions<\/a><\/li>\n<\/ul>\n<div><\/div>\n<div>La recollida de documentaci\u00f3 \u00e9s del 10 al 26 de juny inclosos, amb cita pr\u00e8via.<\/div>\n<\/div>\n<div><\/div>\n<div><\/div>\n<div class=\"gmail_default\">\n<div>Contacteu\u00a0amb el centre per sol\u00b7licitar cita al tel\u00e8fon 977657505 o\u00a0 al correu\u00a0\u00a0<a href=\"mailto:e3011418@xtec.cat\" target=\"_blank\" rel=\"noopener\">e3011418@xtec.cat<\/a><\/div>\n<\/div>\n<p>&nbsp;<\/p>\n","protected":false},"excerpt":{"rendered":"<p>Llista de sol\u00b7licituds amb la puntuaci\u00f3, un cop resoltes les reclamacions<br \/>\n<a href=\"https:\/\/agora.xtec.cat\/insderodadebara\/wp-content\/uploads\/usu1145\/2024\/02\/INFORME_BAREM_RESOLTES_BAREM.pdf\">INFORME_BAREM_RESOLTES_BAREM<\/a><br \/>\nLes fam\u00edlies tamb\u00e9 podran accedir a la consulta individual <a href=\"https:\/\/preinscripcio.gencat.cat\/ca\/estudis\/eso\/preinscriute\/seguiment-sollicitud\/llista-despres-reclamacions\/\">https:\/\/preinscripcio.gencat.cat\/ca\/estudis\/eso\/preinscriute\/seguiment-sollicitud\/llista-despres-reclamacions\/<\/a><\/p>\n<p>Consulta la llista de sol\u00b7licituds amb la puntuaci\u00f3<br \/>\n<a href=\"https:\/\/agora.xtec.cat\/insderodadebara\/wp-content\/uploads\/usu1145\/2024\/02\/INFORME_BAREM_PROVISIONAL_BAREM.pdf\">INFORME_BAREM_PROVISIONAL_BAREM<\/a><br \/>\nLes fam\u00edlies tamb\u00e9 podran accedir a la consulta individual, accedint a\u00a0<a href=\"https:\/\/preinscripcio.gencat.cat\/ca\/estudis\/eso\/preinscriute\/seguiment-sollicitud\/llista-sollicituds-puntuacio\/\" target=\"_blank\" rel=\"noopener\" data-saferedirecturl=\"https:\/\/www.google.com\/url?q=https:\/\/preinscripcio.gencat.cat\/ca\/estudis\/primaria\/preinscriute\/seguiment-sollicitud\/llista-sollicituds-puntuacio\/&amp;source=gmail&amp;ust=1713429255128000&amp;usg=AOvVaw0GXFN_HAKFGzHhVK3wgFkp\">Consulta la&hellip;  <a href=\"https:\/\/agora.xtec.cat\/insderodadebara\/general\/jornada-de-portes-obertes-curs-2024-2025\/\" title=\"Read Oferta inicial-Preinscripci\u00f3- Llistat provisional- Llistat definitiu. Curs 2024-2025\">Llegeix m\u00e9s\u00bb<\/a><\/p>\n","protected":false},"author":1,"featured_media":0,"comment_status":"closed","ping_status":"closed","sticky":false,"template":"","format":"standard","meta":{"_bbp_topic_count":0,"_bbp_reply_count":0,"_bbp_total_topic_count":0,"_bbp_total_reply_count":0,"_bbp_voice_count":0,"_bbp_anonymous_reply_count":0,"_bbp_topic_count_hidden":0,"_bbp_reply_count_hidden":0,"_bbp_forum_subforum_count":0,"footnotes":""},"categories":[3,1,29],"tags":[],"class_list":["post-3501","post","type-post","status-publish","format-standard","hentry","category-eso","category-general","category-portada"],"post_mailing_queue_ids":[],"_links":{"self":[{"href":"https:\/\/agora.xtec.cat\/insderodadebara\/wp-json\/wp\/v2\/posts\/3501","targetHints":{"allow":["GET"]}}],"collection":[{"href":"https:\/\/agora.xtec.cat\/insderodadebara\/wp-json\/wp\/v2\/posts"}],"about":[{"href":"https:\/\/agora.xtec.cat\/insderodadebara\/wp-json\/wp\/v2\/types\/post"}],"author":[{"embeddable":true,"href":"https:\/\/agora.xtec.cat\/insderodadebara\/wp-json\/wp\/v2\/users\/1"}],"replies":[{"embeddable":true,"href":"https:\/\/agora.xtec.cat\/insderodadebara\/wp-json\/wp\/v2\/comments?post=3501"}],"version-history":[{"count":7,"href":"https:\/\/agora.xtec.cat\/insderodadebara\/wp-json\/wp\/v2\/posts\/3501\/revisions"}],"predecessor-version":[{"id":3616,"href":"https:\/\/agora.xtec.cat\/insderodadebara\/wp-json\/wp\/v2\/posts\/3501\/revisions\/3616"}],"wp:attachment":[{"href":"https:\/\/agora.xtec.cat\/insderodadebara\/wp-json\/wp\/v2\/media?parent=3501"}],"wp:term":[{"taxonomy":"category","embeddable":true,"href":"https:\/\/agora.xtec.cat\/insderodadebara\/wp-json\/wp\/v2\/categories?post=3501"},{"taxonomy":"post_tag","embeddable":true,"href":"https:\/\/agora.xtec.cat\/insderodadebara\/wp-json\/wp\/v2\/tags?post=3501"}],"curies":[{"name":"wp","href":"https:\/\/api.w.org\/{rel}","templated":true}]}}