{"id":348,"date":"2015-02-25T15:27:19","date_gmt":"2015-02-25T14:27:19","guid":{"rendered":"http:\/\/agora.xtec.cat\/insderodadebara\/?p=348"},"modified":"2015-03-21T07:55:03","modified_gmt":"2015-03-21T06:55:03","slug":"xerrada-maite-montana","status":"publish","type":"post","link":"https:\/\/agora.xtec.cat\/insderodadebara\/general\/xerrada-maite-montana\/","title":{"rendered":"Xerrada  Maite Monta\u00f1a"},"content":{"rendered":"<p>El dia 11 de febrer i arran de la projecci\u00f3 del documental <em>Cuerdas<\/em> entre l\u2019alumnat de 3r d\u2019ESO, es va programar una xerrada a c\u00e0rrec de Maite Monta\u00f1a, educadora d\u2019educaci\u00f3 especial a l\u2019escola Solc de Tarragona.<\/p>\n<p>La Maite ens va explicar que les persones discapacitades \u2014que hi estudien fins als 21 anys\u2014 s\u00f3n capaces de fer qualsevol cosa i que nosaltres, en conseq\u00fc\u00e8ncia, tamb\u00e9 ho hem de ser.<\/p>\n<p>En finalitzar la xerrada, ens va fer demanar un desig per a final de curs i ens va dir que, si tornava, ens preguntaria si se\u2019ns havia acomplert; per\u00f2 que hi hav\u00edem de posar de la nostra part perqu\u00e8 es fes realitat.<\/p>\n","protected":false},"excerpt":{"rendered":"<p>El dia 11 de febrer i arran de la projecci\u00f3 del documental Cuerdas entre l\u2019alumnat de 3r d\u2019ESO, es va programar una xerrada a c\u00e0rrec de Maite Monta\u00f1a, educadora d\u2019educaci\u00f3 especial a l\u2019escola Solc de Tarragona.<br \/>\nLa Maite ens va explicar que les persones discapacitades \u2014que&hellip;  <a href=\"https:\/\/agora.xtec.cat\/insderodadebara\/general\/xerrada-maite-montana\/\" title=\"Read Xerrada  Maite Monta\u00f1a\">Llegeix m\u00e9s\u00bb<\/a><\/p>\n","protected":false},"author":1,"featured_media":0,"comment_status":"open","ping_status":"open","sticky":false,"template":"","format":"standard","meta":{"_bbp_topic_count":0,"_bbp_reply_count":0,"_bbp_total_topic_count":0,"_bbp_total_reply_count":0,"_bbp_voice_count":0,"_bbp_anonymous_reply_count":0,"_bbp_topic_count_hidden":0,"_bbp_reply_count_hidden":0,"_bbp_forum_subforum_count":0,"footnotes":""},"categories":[6,1,29],"tags":[68,62],"class_list":["post-348","post","type-post","status-publish","format-standard","hentry","category-eso-3","category-general","category-portada","tag-3reso","tag-documental"],"post_mailing_queue_ids":[],"_links":{"self":[{"href":"https:\/\/agora.xtec.cat\/insderodadebara\/wp-json\/wp\/v2\/posts\/348","targetHints":{"allow":["GET"]}}],"collection":[{"href":"https:\/\/agora.xtec.cat\/insderodadebara\/wp-json\/wp\/v2\/posts"}],"about":[{"href":"https:\/\/agora.xtec.cat\/insderodadebara\/wp-json\/wp\/v2\/types\/post"}],"author":[{"embeddable":true,"href":"https:\/\/agora.xtec.cat\/insderodadebara\/wp-json\/wp\/v2\/users\/1"}],"replies":[{"embeddable":true,"href":"https:\/\/agora.xtec.cat\/insderodadebara\/wp-json\/wp\/v2\/comments?post=348"}],"version-history":[{"count":1,"href":"https:\/\/agora.xtec.cat\/insderodadebara\/wp-json\/wp\/v2\/posts\/348\/revisions"}],"predecessor-version":[{"id":349,"href":"https:\/\/agora.xtec.cat\/insderodadebara\/wp-json\/wp\/v2\/posts\/348\/revisions\/349"}],"wp:attachment":[{"href":"https:\/\/agora.xtec.cat\/insderodadebara\/wp-json\/wp\/v2\/media?parent=348"}],"wp:term":[{"taxonomy":"category","embeddable":true,"href":"https:\/\/agora.xtec.cat\/insderodadebara\/wp-json\/wp\/v2\/categories?post=348"},{"taxonomy":"post_tag","embeddable":true,"href":"https:\/\/agora.xtec.cat\/insderodadebara\/wp-json\/wp\/v2\/tags?post=348"}],"curies":[{"name":"wp","href":"https:\/\/api.w.org\/{rel}","templated":true}]}}