{"id":346,"date":"2015-02-25T15:26:07","date_gmt":"2015-02-25T14:26:07","guid":{"rendered":"http:\/\/agora.xtec.cat\/insderodadebara\/?p=346"},"modified":"2015-02-25T15:26:07","modified_gmt":"2015-02-25T14:26:07","slug":"xerrada-dels-mossos-desquadra","status":"publish","type":"post","link":"https:\/\/agora.xtec.cat\/insderodadebara\/portada\/xerrada-dels-mossos-desquadra\/","title":{"rendered":"Xerrada dels Mossos d\u2019Esquadra"},"content":{"rendered":"<p>Divendres 6 de febrer, un mosso d\u2019esquadra enviat per la Generalitat, va assistir al nostre centre per oferir una xerrada sobre la seva feina, les classes de vianants, els tipus de mossos&#8230;<\/p>\n<p>A l\u2019acte \u00e9rem 15 assistents, tots de segon.\u00a0 El mosso pertanyia al sector de tr\u00e0nsit i tamb\u00e9 va comentar algunes an\u00e8cdotes. Per relaxar una mica la sessi\u00f3, va repartir un test titulat \u201cPer qu\u00e8 ho fas?\u201d<\/p>\n<p>Constava de divuit situacions amb quatre respostes de les quals nom\u00e9s es podia marcar una, amb la qual tu et sentissis representat.<\/p>\n<p>Algunes de les preguntes que figuraven al test eren les seg\u00fcents:<\/p>\n<p><em>&#8211; Quedes per fer un excursi\u00f3. Tu vols anar a la muntanya i els altres volen anar a la platja. Fa un dia assolellat de principis d\u2019estiu. Aniries a la platja? \u00a0 <\/em><\/p>\n<p><em>-En el viatge de final de curs el teu grup d\u2019amics ha planejat escapar-se de l\u2019hotel a la nit per anar de festa. Per sortir de l\u2019hotel cal saltar una tanca prou alta. Tu no ho veus clar, per\u00f2 si no hi vas et quedar\u00e0s sol a l\u2019hotel. Hi aniries?\u00a0\u00a0\u00a0\u00a0\u00a0 <\/em><\/p>\n<p><em>&#8211; Vas d\u2019excursi\u00f3 amb autocar amb tots els teus companys de classe. Tots els teus companys estan incorporats als seients i no porten cordat el cintur\u00f3. Te\u2019l poses tu?<\/em><\/p>\n<p>El test pretenia reflexionar sobre les influ\u00e8ncies i la personalitat d\u2019un mateix, la qual cosa es va arrodonir amb un v\u00eddeo que es va projectar al final de la sessi\u00f3.<\/p>\n","protected":false},"excerpt":{"rendered":"<p>Divendres 6 de febrer, un mosso d\u2019esquadra enviat per la Generalitat, va assistir al nostre centre per oferir una xerrada sobre la seva feina, les classes de vianants, els tipus de mossos&#8230;<br \/>\nA l\u2019acte \u00e9rem 15 assistents, tots de segon.\u00a0 El mosso pertanyia al sector de&hellip;  <a href=\"https:\/\/agora.xtec.cat\/insderodadebara\/portada\/xerrada-dels-mossos-desquadra\/\" title=\"Read Xerrada dels Mossos d\u2019Esquadra\">Llegeix m\u00e9s\u00bb<\/a><\/p>\n","protected":false},"author":1,"featured_media":0,"comment_status":"open","ping_status":"open","sticky":false,"template":"","format":"standard","meta":{"_bbp_topic_count":0,"_bbp_reply_count":0,"_bbp_total_topic_count":0,"_bbp_total_reply_count":0,"_bbp_voice_count":0,"_bbp_anonymous_reply_count":0,"_bbp_topic_count_hidden":0,"_bbp_reply_count_hidden":0,"_bbp_forum_subforum_count":0,"footnotes":""},"categories":[29],"tags":[61],"class_list":["post-346","post","type-post","status-publish","format-standard","hentry","category-portada","tag-mossos"],"post_mailing_queue_ids":[],"_links":{"self":[{"href":"https:\/\/agora.xtec.cat\/insderodadebara\/wp-json\/wp\/v2\/posts\/346","targetHints":{"allow":["GET"]}}],"collection":[{"href":"https:\/\/agora.xtec.cat\/insderodadebara\/wp-json\/wp\/v2\/posts"}],"about":[{"href":"https:\/\/agora.xtec.cat\/insderodadebara\/wp-json\/wp\/v2\/types\/post"}],"author":[{"embeddable":true,"href":"https:\/\/agora.xtec.cat\/insderodadebara\/wp-json\/wp\/v2\/users\/1"}],"replies":[{"embeddable":true,"href":"https:\/\/agora.xtec.cat\/insderodadebara\/wp-json\/wp\/v2\/comments?post=346"}],"version-history":[{"count":1,"href":"https:\/\/agora.xtec.cat\/insderodadebara\/wp-json\/wp\/v2\/posts\/346\/revisions"}],"predecessor-version":[{"id":347,"href":"https:\/\/agora.xtec.cat\/insderodadebara\/wp-json\/wp\/v2\/posts\/346\/revisions\/347"}],"wp:attachment":[{"href":"https:\/\/agora.xtec.cat\/insderodadebara\/wp-json\/wp\/v2\/media?parent=346"}],"wp:term":[{"taxonomy":"category","embeddable":true,"href":"https:\/\/agora.xtec.cat\/insderodadebara\/wp-json\/wp\/v2\/categories?post=346"},{"taxonomy":"post_tag","embeddable":true,"href":"https:\/\/agora.xtec.cat\/insderodadebara\/wp-json\/wp\/v2\/tags?post=346"}],"curies":[{"name":"wp","href":"https:\/\/api.w.org\/{rel}","templated":true}]}}