{"id":3412,"date":"2023-12-02T19:16:13","date_gmt":"2023-12-02T18:16:13","guid":{"rendered":"https:\/\/agora.xtec.cat\/insderodadebara\/?p=3412"},"modified":"2023-12-02T19:16:40","modified_gmt":"2023-12-02T18:16:40","slug":"mes-podcasts-de-radio-cuentos-infantiles","status":"publish","type":"post","link":"https:\/\/agora.xtec.cat\/insderodadebara\/general\/mes-podcasts-de-radio-cuentos-infantiles\/","title":{"rendered":"M\u00e9s podcasts de r\u00e0dio. Cuentos infantiles"},"content":{"rendered":"<p>En esta segunda edici\u00f3n de <em>podcasts<\/em> los alumnos del Taller de Castellano de 2\u00ba hemos trabajado los cuentos para ni\u00f1os. Esperamos que os guste el resultado. \u00a1Clica en los t\u00edtulos!<\/p>\n<p><a href=\"https:\/\/agora.xtec.cat\/insderodadebara\/wp-content\/uploads\/usu1145\/2023\/12\/BLANCANIEVES-Marta-Contreras-Laia-Can\u0303adas.mp3\"><strong>&#8220;Blancanieves&#8221;<\/strong><\/a>: Marta Contreras y Laia Ca\u00f1adas.<\/p>\n<p><a href=\"https:\/\/agora.xtec.cat\/insderodadebara\/wp-content\/uploads\/usu1145\/2023\/12\/BLANCANIEVES-Naiara-Rentero-Iker-Castan\u0303o.mp3\"><strong>&#8220;Blancanieves&#8221;<\/strong><\/a>: Naiara Rentero y Iker Casta\u00f1o.<\/p>\n<p><a href=\"https:\/\/agora.xtec.cat\/insderodadebara\/wp-content\/uploads\/usu1145\/2023\/12\/HANSEL-Y-GRETTEL-Arnau-Donoso-Ainara-Rentero-1.mp3\"><strong>&#8220;Hansel y Grettel&#8221;<\/strong><\/a>: Arnau Donoso y Ainara Rentero.<\/p>\n<p><a href=\"https:\/\/agora.xtec.cat\/insderodadebara\/wp-content\/uploads\/usu1145\/2023\/12\/LA-CENICIENTA.-Khadija-Rkik-Noa-Pisa.mp3\"><strong>&#8220;La Cenicienta&#8221;<\/strong><\/a>: Khadija Rkik y Noa Pisa.<\/p>\n<p><a href=\"https:\/\/agora.xtec.cat\/insderodadebara\/wp-content\/uploads\/usu1145\/2023\/12\/CENICIENTA-Vi\u0301ctor-Rentero-Iker-Va\u0301zquez.mp3\"><strong>&#8220;La Cenicienta&#8221;<\/strong><\/a>: V\u00edctor Rentero y Iker V\u00e1zquez.<\/p>\n<p><a href=\"https:\/\/agora.xtec.cat\/insderodadebara\/wp-content\/uploads\/usu1145\/2023\/12\/LOS-7-CABRITOS-Y-EL-LOBO-Alex-Fuster-Mohamed-Friha.mp3\"><strong>&#8220;Los siete cabritos y el lobo&#8221;<\/strong><\/a>: Alex Fuster y Mohamed Friha.<\/p>\n<p><a href=\"https:\/\/agora.xtec.cat\/insderodadebara\/wp-content\/uploads\/usu1145\/2023\/12\/LOS-TRES-CERDITOS.-Fran-Moreno-Di\u0301dac-Villaescusa.mp3\"><strong>&#8220;Los tres cerditos&#8221;<\/strong><\/a>: Fran Moreno y D\u00eddac Villaescusa<\/p>\n<p><a href=\"https:\/\/agora.xtec.cat\/insderodadebara\/wp-content\/uploads\/usu1145\/2023\/11\/podcast.png\"><img loading=\"lazy\" decoding=\"async\" class=\"aligncenter size-full wp-image-3413\" src=\"https:\/\/agora.xtec.cat\/insderodadebara\/wp-content\/uploads\/usu1145\/2023\/11\/podcast.png\" alt=\"\" width=\"300\" height=\"168\" \/><\/a><\/p>\n","protected":false},"excerpt":{"rendered":"<p>En esta segunda edici\u00f3n de podcasts los alumnos del Taller de Castellano de 2\u00ba hemos trabajado los cuentos para ni\u00f1os. Esperamos que os guste el resultado. \u00a1Clica en los t\u00edtulos!<br \/>\n<a href=\"https:\/\/agora.xtec.cat\/insderodadebara\/wp-content\/uploads\/usu1145\/2023\/12\/BLANCANIEVES-Marta-Contreras-Laia-Can\u0303adas.mp3\">&#8220;Blancanieves&#8221;<\/a>: Marta Contreras y Laia Ca\u00f1adas.<br \/>\n<a href=\"https:\/\/agora.xtec.cat\/insderodadebara\/wp-content\/uploads\/usu1145\/2023\/12\/BLANCANIEVES-Naiara-Rentero-Iker-Castan\u0303o.mp3\">&#8220;Blancanieves&#8221;<\/a>: Naiara Rentero y Iker Casta\u00f1o.<br \/>\n<a href=\"https:\/\/agora.xtec.cat\/insderodadebara\/wp-content\/uploads\/usu1145\/2023\/12\/HANSEL-Y-GRETTEL-Arnau-Donoso-Ainara-Rentero-1.mp3\">&#8220;Hansel y Grettel&#8221;<\/a>:&hellip;  <a href=\"https:\/\/agora.xtec.cat\/insderodadebara\/general\/mes-podcasts-de-radio-cuentos-infantiles\/\" title=\"Read M\u00e9s podcasts de r\u00e0dio. Cuentos infantiles\">Llegeix m\u00e9s\u00bb<\/a><\/p>\n","protected":false},"author":1,"featured_media":0,"comment_status":"closed","ping_status":"closed","sticky":false,"template":"","format":"standard","meta":{"_bbp_topic_count":0,"_bbp_reply_count":0,"_bbp_total_topic_count":0,"_bbp_total_reply_count":0,"_bbp_voice_count":0,"_bbp_anonymous_reply_count":0,"_bbp_topic_count_hidden":0,"_bbp_reply_count_hidden":0,"_bbp_forum_subforum_count":0,"footnotes":""},"categories":[1,29],"tags":[],"class_list":["post-3412","post","type-post","status-publish","format-standard","hentry","category-general","category-portada"],"post_mailing_queue_ids":[],"_links":{"self":[{"href":"https:\/\/agora.xtec.cat\/insderodadebara\/wp-json\/wp\/v2\/posts\/3412","targetHints":{"allow":["GET"]}}],"collection":[{"href":"https:\/\/agora.xtec.cat\/insderodadebara\/wp-json\/wp\/v2\/posts"}],"about":[{"href":"https:\/\/agora.xtec.cat\/insderodadebara\/wp-json\/wp\/v2\/types\/post"}],"author":[{"embeddable":true,"href":"https:\/\/agora.xtec.cat\/insderodadebara\/wp-json\/wp\/v2\/users\/1"}],"replies":[{"embeddable":true,"href":"https:\/\/agora.xtec.cat\/insderodadebara\/wp-json\/wp\/v2\/comments?post=3412"}],"version-history":[{"count":6,"href":"https:\/\/agora.xtec.cat\/insderodadebara\/wp-json\/wp\/v2\/posts\/3412\/revisions"}],"predecessor-version":[{"id":3428,"href":"https:\/\/agora.xtec.cat\/insderodadebara\/wp-json\/wp\/v2\/posts\/3412\/revisions\/3428"}],"wp:attachment":[{"href":"https:\/\/agora.xtec.cat\/insderodadebara\/wp-json\/wp\/v2\/media?parent=3412"}],"wp:term":[{"taxonomy":"category","embeddable":true,"href":"https:\/\/agora.xtec.cat\/insderodadebara\/wp-json\/wp\/v2\/categories?post=3412"},{"taxonomy":"post_tag","embeddable":true,"href":"https:\/\/agora.xtec.cat\/insderodadebara\/wp-json\/wp\/v2\/tags?post=3412"}],"curies":[{"name":"wp","href":"https:\/\/api.w.org\/{rel}","templated":true}]}}