{"id":3386,"date":"2023-10-31T12:09:00","date_gmt":"2023-10-31T11:09:00","guid":{"rendered":"https:\/\/agora.xtec.cat\/insderodadebara\/?p=3386"},"modified":"2023-11-27T12:58:17","modified_gmt":"2023-11-27T11:58:17","slug":"postcasts-radiofonics-al-taller-de-castella-de-2n","status":"publish","type":"post","link":"https:\/\/agora.xtec.cat\/insderodadebara\/general\/postcasts-radiofonics-al-taller-de-castella-de-2n\/","title":{"rendered":"Podcasts radiof\u00f2nics al Taller de Castell\u00e0 de 2n"},"content":{"rendered":"<p>Mitjan\u00e7ant l&#8217;optativa del Taller de Castell\u00e0 de 2n es pret\u00e9n treballar l&#8217;expressi\u00f3 escrita i tamb\u00e9 l&#8217;oral per aconseguir una major flu\u00efdesa a l&#8217;hora de redactar i exposar tota mena de textos.<\/p>\n<p>Els i les alumnes han comen\u00e7at a posar fil a l&#8217;agulla tot creant simulacions de <em>podcasts<\/em> radiof\u00f2nics de tema lliure per grups. Prement-ne els t\u00edtols, en podreu escoltar els resultats.<\/p>\n<div><\/div>\n<div><\/div>\n<div><a href=\"https:\/\/agora.xtec.cat\/insderodadebara\/wp-content\/uploads\/usu1145\/2023\/10\/podcast-educativo.jpg\"><img loading=\"lazy\" decoding=\"async\" class=\"size-medium wp-image-3388 alignleft\" src=\"https:\/\/agora.xtec.cat\/insderodadebara\/wp-content\/uploads\/usu1145\/2023\/10\/podcast-educativo-300x173.jpg\" alt=\"\" width=\"300\" height=\"173\" srcset=\"https:\/\/agora.xtec.cat\/insderodadebara\/wp-content\/uploads\/usu1145\/2023\/10\/podcast-educativo-300x173.jpg 300w, https:\/\/agora.xtec.cat\/insderodadebara\/wp-content\/uploads\/usu1145\/2023\/10\/podcast-educativo-768x442.jpg 768w, https:\/\/agora.xtec.cat\/insderodadebara\/wp-content\/uploads\/usu1145\/2023\/10\/podcast-educativo.jpg 800w\" sizes=\"auto, (max-width: 300px) 100vw, 300px\" \/><\/a><\/div>\n<div>\n<div><\/div>\n<div><\/div>\n<div><\/div>\n<div><a href=\"https:\/\/agora.xtec.cat\/insderodadebara\/wp-content\/uploads\/usu1145\/2023\/10\/LOS-AMANTES-DE-LAS-CANCIONES.mp3\"><strong>LOS AMANTES DE LAS CANCIONES<\/strong><\/a>: Iker Casta\u00f1o,<\/div>\n<div><\/div>\n<div>Naiara Rentero, Ainara Rentero, Kimberlyn Navarro<\/div>\n<\/div>\n<div><\/div>\n<div><\/div>\n<div><\/div>\n<div><\/div>\n<div>\n<div><\/div>\n<div><a href=\"https:\/\/agora.xtec.cat\/insderodadebara\/wp-content\/uploads\/usu1145\/2023\/10\/ZAPALANDIA.mp3\"><strong>ZAPALANDIA<\/strong><\/a>: D\u00eddac Villaescusa, Fran Moreno, Mohamed<\/div>\n<div><\/div>\n<div>Friha<\/div>\n<div><\/div>\n<div><\/div>\n<\/div>\n<div><a href=\"https:\/\/agora.xtec.cat\/insderodadebara\/wp-content\/uploads\/usu1145\/2023\/11\/IKER-PALAZO\u0301N-EL-BOU-DE-FOC-DEL-VENDRELL.mp3\"><strong>EL BOU DE FOC DEL VENDRELL<\/strong><\/a>: Iker Palaz\u00f3n<\/div>\n<div>\n<div><\/div>\n<\/div>\n<div><\/div>\n<div><\/div>\n<div><\/div>\n<div><\/div>\n<div>\n<div><a href=\"https:\/\/agora.xtec.cat\/insderodadebara\/wp-content\/uploads\/usu1145\/2023\/10\/CINE.mp3\"><strong>CINE<\/strong><\/a>: Marta Contreras, Laia Ca\u00f1adas<\/div>\n<div><\/div>\n<\/div>\n<div><\/div>\n<div><\/div>\n<div><\/div>\n<div><\/div>\n<div>\n<div><a href=\"https:\/\/agora.xtec.cat\/insderodadebara\/wp-content\/uploads\/usu1145\/2023\/10\/CANTANTES.mp3\"><strong>CANTANTES<\/strong><\/a>: Dayana Amador, Khadija Rkik<\/div>\n<div><\/div>\n<\/div>\n<div><\/div>\n<div><\/div>\n<div><\/div>\n<div><\/div>\n<div>\n<div><a href=\"https:\/\/agora.xtec.cat\/insderodadebara\/wp-content\/uploads\/usu1145\/2023\/10\/THE-WILD-PROJEC.mp3\"><strong>THE WILD PROJECT<\/strong><\/a>: Arnau Donoso, \u00c0lex Fuster, V\u00edctor Rentero, Iker Vazquez<\/div>\n<\/div>\n","protected":false},"excerpt":{"rendered":"<p>Mitjan\u00e7ant l&#8217;optativa del Taller de Castell\u00e0 de 2n es pret\u00e9n treballar l&#8217;expressi\u00f3 escrita i tamb\u00e9 l&#8217;oral per aconseguir una major flu\u00efdesa a l&#8217;hora de redactar i exposar tota mena de textos.<br \/>\nEls i les alumnes han comen\u00e7at a posar fil a l&#8217;agulla tot creant simulacions de&hellip;  <a href=\"https:\/\/agora.xtec.cat\/insderodadebara\/general\/postcasts-radiofonics-al-taller-de-castella-de-2n\/\" title=\"Read Podcasts radiof\u00f2nics al Taller de Castell\u00e0 de 2n\">Llegeix m\u00e9s\u00bb<\/a><\/p>\n","protected":false},"author":1,"featured_media":0,"comment_status":"closed","ping_status":"closed","sticky":false,"template":"","format":"standard","meta":{"_bbp_topic_count":0,"_bbp_reply_count":0,"_bbp_total_topic_count":0,"_bbp_total_reply_count":0,"_bbp_voice_count":0,"_bbp_anonymous_reply_count":0,"_bbp_topic_count_hidden":0,"_bbp_reply_count_hidden":0,"_bbp_forum_subforum_count":0,"footnotes":""},"categories":[1,29],"tags":[],"class_list":["post-3386","post","type-post","status-publish","format-standard","hentry","category-general","category-portada"],"post_mailing_queue_ids":[],"_links":{"self":[{"href":"https:\/\/agora.xtec.cat\/insderodadebara\/wp-json\/wp\/v2\/posts\/3386","targetHints":{"allow":["GET"]}}],"collection":[{"href":"https:\/\/agora.xtec.cat\/insderodadebara\/wp-json\/wp\/v2\/posts"}],"about":[{"href":"https:\/\/agora.xtec.cat\/insderodadebara\/wp-json\/wp\/v2\/types\/post"}],"author":[{"embeddable":true,"href":"https:\/\/agora.xtec.cat\/insderodadebara\/wp-json\/wp\/v2\/users\/1"}],"replies":[{"embeddable":true,"href":"https:\/\/agora.xtec.cat\/insderodadebara\/wp-json\/wp\/v2\/comments?post=3386"}],"version-history":[{"count":6,"href":"https:\/\/agora.xtec.cat\/insderodadebara\/wp-json\/wp\/v2\/posts\/3386\/revisions"}],"predecessor-version":[{"id":3411,"href":"https:\/\/agora.xtec.cat\/insderodadebara\/wp-json\/wp\/v2\/posts\/3386\/revisions\/3411"}],"wp:attachment":[{"href":"https:\/\/agora.xtec.cat\/insderodadebara\/wp-json\/wp\/v2\/media?parent=3386"}],"wp:term":[{"taxonomy":"category","embeddable":true,"href":"https:\/\/agora.xtec.cat\/insderodadebara\/wp-json\/wp\/v2\/categories?post=3386"},{"taxonomy":"post_tag","embeddable":true,"href":"https:\/\/agora.xtec.cat\/insderodadebara\/wp-json\/wp\/v2\/tags?post=3386"}],"curies":[{"name":"wp","href":"https:\/\/api.w.org\/{rel}","templated":true}]}}