{"id":2930,"date":"2022-03-04T11:30:34","date_gmt":"2022-03-04T10:30:34","guid":{"rendered":"https:\/\/agora.xtec.cat\/insderodadebara\/?p=2930"},"modified":"2022-03-04T12:02:55","modified_gmt":"2022-03-04T11:02:55","slug":"jornada-virtual-de-portes-obertes-curs-2022-2023","status":"publish","type":"post","link":"https:\/\/agora.xtec.cat\/insderodadebara\/general\/jornada-virtual-de-portes-obertes-curs-2022-2023\/","title":{"rendered":"JORNADA VIRTUAL DE PORTES OBERTES. CURS 2022-2023"},"content":{"rendered":"<div class=\"\" data-block=\"true\" data-editor=\"8q54t\" data-offset-key=\"8arpt-0-0\"><a href=\"https:\/\/agora.xtec.cat\/insderodadebara\/wp-content\/uploads\/usu1145\/2022\/03\/Portes-obertes-2022-2023.jpg\"><img loading=\"lazy\" decoding=\"async\" class=\"alignleft wp-image-2933\" src=\"https:\/\/agora.xtec.cat\/insderodadebara\/wp-content\/uploads\/usu1145\/2022\/03\/Portes-obertes-2022-2023-212x300.jpg\" alt=\"\" width=\"230\" height=\"325\" \/><\/a><\/div>\n<p dir=\"auto\"><span style=\"font-family: inherit; font-size: 1em; text-align: justify;\">El proper dimecres, 9 de mar\u00e7, a les 17 h, es realitzar\u00e0 la jornada de portes obertes a l&#8217;institut; aquest curs, per\u00f2, tamb\u00e9 de manera telem\u00e0tica.<\/span><\/p>\n<div dir=\"auto\" style=\"text-align: justify;\">\n<p>Per poder-hi participar, heu d&#8217;emplenar el formulari seg\u00fcent. Teniu temps fins al dilluns 7 de mar\u00e7 a les 14.30 h: <a href=\"http:\/\/ow.ly\/qHMk50I7ZNw?fbclid=IwAR12hgfN8SwFoikEZernm0tvtMzA7myKskgroRiZEiK8TuTNAj3PXSTl9SM\">http:\/\/ow.ly\/qHMk50I7ZNw<\/a><\/p>\n<p>Posteriorment a la inscripci\u00f3, se us facilitar\u00e0 l&#8217;enlla\u00e7 per assistir a la videoreuni\u00f3.<\/p>\n<p>Si us interessa fer un tomb virtual pel centre&#8230;<\/p>\n<p><a href=\"http:\/\/agora.xtec.cat\/insderodadebara\/videotour\/\"><strong>Visita virtual a les instal\u00b7lacions de l&#8217;Institut de Roda de Ber\u00e0<\/strong><\/a><\/p>\n<\/div>\n","protected":false},"excerpt":{"rendered":"<p><a href=\"https:\/\/agora.xtec.cat\/insderodadebara\/wp-content\/uploads\/usu1145\/2022\/03\/Portes-obertes-2022-2023.jpg\"><\/a><br \/>\nEl proper dimecres, 9 de mar\u00e7, a les 17 h, es realitzar\u00e0 la jornada de portes obertes a l&#8217;institut; aquest curs, per\u00f2, tamb\u00e9 de manera telem\u00e0tica.<\/p>\n<p>Per poder-hi participar, heu d&#8217;emplenar el formulari seg\u00fcent. Teniu temps fins al dilluns 7 de mar\u00e7 a les 14.30&hellip;  <a href=\"https:\/\/agora.xtec.cat\/insderodadebara\/general\/jornada-virtual-de-portes-obertes-curs-2022-2023\/\" title=\"Read JORNADA VIRTUAL DE PORTES OBERTES. CURS 2022-2023\">Llegeix m\u00e9s\u00bb<\/a><\/p>\n","protected":false},"author":1,"featured_media":2933,"comment_status":"closed","ping_status":"closed","sticky":false,"template":"","format":"standard","meta":{"_bbp_topic_count":0,"_bbp_reply_count":0,"_bbp_total_topic_count":0,"_bbp_total_reply_count":0,"_bbp_voice_count":0,"_bbp_anonymous_reply_count":0,"_bbp_topic_count_hidden":0,"_bbp_reply_count_hidden":0,"_bbp_forum_subforum_count":0,"footnotes":""},"categories":[3,4,5,6,7,1,29],"tags":[],"class_list":["post-2930","post","type-post","status-publish","format-standard","has-post-thumbnail","hentry","category-eso","category-eso-1","category-eso-2","category-eso-3","category-eso-4","category-general","category-portada"],"post_mailing_queue_ids":[],"_links":{"self":[{"href":"https:\/\/agora.xtec.cat\/insderodadebara\/wp-json\/wp\/v2\/posts\/2930","targetHints":{"allow":["GET"]}}],"collection":[{"href":"https:\/\/agora.xtec.cat\/insderodadebara\/wp-json\/wp\/v2\/posts"}],"about":[{"href":"https:\/\/agora.xtec.cat\/insderodadebara\/wp-json\/wp\/v2\/types\/post"}],"author":[{"embeddable":true,"href":"https:\/\/agora.xtec.cat\/insderodadebara\/wp-json\/wp\/v2\/users\/1"}],"replies":[{"embeddable":true,"href":"https:\/\/agora.xtec.cat\/insderodadebara\/wp-json\/wp\/v2\/comments?post=2930"}],"version-history":[{"count":3,"href":"https:\/\/agora.xtec.cat\/insderodadebara\/wp-json\/wp\/v2\/posts\/2930\/revisions"}],"predecessor-version":[{"id":2942,"href":"https:\/\/agora.xtec.cat\/insderodadebara\/wp-json\/wp\/v2\/posts\/2930\/revisions\/2942"}],"wp:featuredmedia":[{"embeddable":true,"href":"https:\/\/agora.xtec.cat\/insderodadebara\/wp-json\/wp\/v2\/media\/2933"}],"wp:attachment":[{"href":"https:\/\/agora.xtec.cat\/insderodadebara\/wp-json\/wp\/v2\/media?parent=2930"}],"wp:term":[{"taxonomy":"category","embeddable":true,"href":"https:\/\/agora.xtec.cat\/insderodadebara\/wp-json\/wp\/v2\/categories?post=2930"},{"taxonomy":"post_tag","embeddable":true,"href":"https:\/\/agora.xtec.cat\/insderodadebara\/wp-json\/wp\/v2\/tags?post=2930"}],"curies":[{"name":"wp","href":"https:\/\/api.w.org\/{rel}","templated":true}]}}