{"id":2927,"date":"2022-03-04T11:26:35","date_gmt":"2022-03-04T10:26:35","guid":{"rendered":"https:\/\/agora.xtec.cat\/insderodadebara\/?p=2927"},"modified":"2022-03-04T12:02:16","modified_gmt":"2022-03-04T11:02:16","slug":"preinscripcio-i-matricula-curs-2022-23","status":"publish","type":"post","link":"https:\/\/agora.xtec.cat\/insderodadebara\/general\/preinscripcio-i-matricula-curs-2022-23\/","title":{"rendered":"PREINSCRIPCI\u00d3 I MATR\u00cdCULA CURS 2022-23"},"content":{"rendered":"<p><strong>Calendari<\/strong>:<\/p>\n<p>Presentaci\u00f3 digital preinscripci\u00f3 ESO del 9 al 21 de mar\u00e7<\/p>\n<p>Publicaci\u00f3 provisional sol\u00b7licituds el 21 d&#8217;abril<\/p>\n<p>Presentaci\u00f3 reclamacions del 22 al 28 d&#8217;abril<\/p>\n<p>Publicaci\u00f3 de llista definitiva el 10 de juny<\/p>\n<p>Per\u00edode de matriculaci\u00f3 del 21 al 29 de juny<\/p>\n<hr \/>\n<p><strong>Portes obertes virtuals: <\/strong>Seran el 9 de mar\u00e7 de 2022, a les 17:00 h Empleneu el seg\u00fcent <a href=\"https:\/\/forms.gle\/SekBVF73dSK9cM6K6\">formulari<\/a> i 48 h abans de les portes obertes us enviarem un enlla\u00e7 per connectar-vos a trav\u00e9s de Meet.<\/p>\n<p>&nbsp;<\/p>\n<p><a href=\"http:\/\/agora.xtec.cat\/insderodadebara\/videotour\/\"><strong>Visita virtual a les instal\u00b7lacions de l&#8217;Institut de Roda de Ber\u00e0<\/strong><\/a><\/p>\n<hr \/>\n<h3><strong>Presentaci\u00f3 de sol\u00b7licituds telem\u00e0tiques (no hi haur\u00e0 cap preinscripci\u00f3 presencial): del 9 al 21 de mar\u00e7 de 2022<\/strong><\/h3>\n<p>&nbsp;<\/p>\n<h5><strong>FORMULARI DE PREINSCRIPCI\u00d3 (codi centre 43011418) <a href=\"https:\/\/preinscripcio.gencat.cat\/ca\/estudis\/eso\/inici\/\">https:\/\/preinscripcio.gencat.cat\/ca\/estudis\/eso\/inici\/<\/a> <\/strong><\/h5>\n<hr \/>\n<p><strong>ID-CAT:<\/strong><\/p>\n<p>Us passo un enlla\u00e7 amb les explicacions de com tramitar l&#8217;ID-CAT, \u00e9s un tr\u00e0mit molt senzill i veureu que el v\u00eddeo est\u00e0 en molts idiomes. https:\/\/youtube.com\/playlist?list=PLazEIAgE4NMj0ogHNP3nCTCil8K71WYsP<\/p>\n<hr \/>\n<p>Benvolgudes fam\u00edlies,<br \/>\nEl proper dia 9 de mar\u00e7, a les 17 h, l\u2019institut Roda de Ber\u00e0 far\u00e0 les jornades de portes obertes<br \/>\nvirtuals. Per poder participar, heu d\u2019emplenar el q\u00fcestionari que surt al cartell que us<br \/>\nadjuntem. En aquest cas, des de l\u2019institut us enviarem 48 hores abans de la jornada l\u2019enlla\u00e7 per<br \/>\naccedir.<br \/>\nCom que alguns de vosaltres no podreu assistir, volem explicar-vos aquells aspectes que<br \/>\npensem que poden ser del vostre inter\u00e8s a l\u2019hora de triar el nostre centre educatiu com a<br \/>\nopci\u00f3 futura per als vostres fills i filles. El nostre centre \u00e9s un jove, ja que vam comen\u00e7ar el curs<br \/>\n2010-2011. Aquest fet ens permet poder treballar d\u2019una manera molt concreta que, entre<br \/>\nd\u2019altres objectius, inclou els seg\u00fcents:<br \/>\n\u2014Atenem de manera molt personalitzada els nostres alumnes i en fem un seguiment del<br \/>\nproc\u00e9s educatiu exhaustiu que implica professorat, tutors\/ores i equip directiu.<br \/>\n\u2014Som un equip docent amb una gran implicaci\u00f3 per a l\u2019educaci\u00f3 i per posar en funcionament<br \/>\nprojectes que repercutiran en el desenvolupament de les compet\u00e8ncies b\u00e0siques del nostre<br \/>\nalumnat.<br \/>\n\u2014Apostem per una educaci\u00f3 clarament triling\u00fce. En la majoria de mat\u00e8ries \u2014i al llarg de tot el<br \/>\ncurs\u2014 treballem aspectes en angl\u00e8s per poder tenir aix\u00ed el domini d\u2019aquesta llengua m\u00e9s enll\u00e0<br \/>\nde la mat\u00e8ria espec\u00edfica. I oferim l\u2019alemany com a optativa de segona llengua estrangera.<br \/>\n\u2014Intentem desenvolupar a trav\u00e9s d\u2019activitats i, gr\u00e0cies a una implicaci\u00f3 molt important de tot<br \/>\nel claustre, la cotutoria entre alumnes, no solament en l\u2019\u00e0mbit acad\u00e8mic sin\u00f3 que tamb\u00e9 en<br \/>\nrelaci\u00f3 amb temes conductuals.<br \/>\n\u2014Hem posat en funcionament un sistema de control i de disciplina, a trav\u00e9s d\u2019una aplicaci\u00f3<br \/>\ninform\u00e0tica, que permet fer un seguiment detallat de la conducta i el treball realitzat pel fill\/a<br \/>\nen qualsevol moment.<br \/>\n\u2014Quan considerem que les necessitats educatives de l\u2019alumnat van m\u00e9s enll\u00e0 d\u2019una atenci\u00f3<br \/>\ndins de l\u2019aula ordin\u00e0ria, comptem amb dos orientadors educatius al centre que treballen amb<br \/>\nels alumnes i fan una atenci\u00f3 personalitzada a les fam\u00edlies, aix\u00ed com amb el suport de la<br \/>\npsicopedagoga de l\u2019EAP (Equip d\u2019Assessorament Psicopedag\u00f2gic).<br \/>\nEsperem haver-vos orientat en el proc\u00e9s d\u2019escollir centre per als vostre fills i filles i restem a la<br \/>\nvostra disposici\u00f3 per qualsevol dubte o aclariment.<\/p>\n<p>L\u2019equip directiu<\/p>\n","protected":false},"excerpt":{"rendered":"<p>Calendari:<br \/>\nPresentaci\u00f3 digital preinscripci\u00f3 ESO del 9 al 21 de mar\u00e7<br \/>\nPublicaci\u00f3 provisional sol\u00b7licituds el 21 d&#8217;abril<br \/>\nPresentaci\u00f3 reclamacions del 22 al 28 d&#8217;abril<br \/>\nPublicaci\u00f3 de llista definitiva el 10 de juny<br \/>\nPer\u00edode de matriculaci\u00f3 del 21 al 29 de juny<\/p>\n<p>Portes obertes virtuals: Seran el 9 de mar\u00e7 de 2022,&hellip;  <a href=\"https:\/\/agora.xtec.cat\/insderodadebara\/general\/preinscripcio-i-matricula-curs-2022-23\/\" title=\"Read PREINSCRIPCI\u00d3 I MATR\u00cdCULA CURS 2022-23\">Llegeix m\u00e9s\u00bb<\/a><\/p>\n","protected":false},"author":1,"featured_media":0,"comment_status":"closed","ping_status":"closed","sticky":false,"template":"","format":"standard","meta":{"_bbp_topic_count":0,"_bbp_reply_count":0,"_bbp_total_topic_count":0,"_bbp_total_reply_count":0,"_bbp_voice_count":0,"_bbp_anonymous_reply_count":0,"_bbp_topic_count_hidden":0,"_bbp_reply_count_hidden":0,"_bbp_forum_subforum_count":0,"footnotes":""},"categories":[3,4,5,6,7,1,29],"tags":[],"class_list":["post-2927","post","type-post","status-publish","format-standard","hentry","category-eso","category-eso-1","category-eso-2","category-eso-3","category-eso-4","category-general","category-portada"],"post_mailing_queue_ids":[],"_links":{"self":[{"href":"https:\/\/agora.xtec.cat\/insderodadebara\/wp-json\/wp\/v2\/posts\/2927","targetHints":{"allow":["GET"]}}],"collection":[{"href":"https:\/\/agora.xtec.cat\/insderodadebara\/wp-json\/wp\/v2\/posts"}],"about":[{"href":"https:\/\/agora.xtec.cat\/insderodadebara\/wp-json\/wp\/v2\/types\/post"}],"author":[{"embeddable":true,"href":"https:\/\/agora.xtec.cat\/insderodadebara\/wp-json\/wp\/v2\/users\/1"}],"replies":[{"embeddable":true,"href":"https:\/\/agora.xtec.cat\/insderodadebara\/wp-json\/wp\/v2\/comments?post=2927"}],"version-history":[{"count":2,"href":"https:\/\/agora.xtec.cat\/insderodadebara\/wp-json\/wp\/v2\/posts\/2927\/revisions"}],"predecessor-version":[{"id":2941,"href":"https:\/\/agora.xtec.cat\/insderodadebara\/wp-json\/wp\/v2\/posts\/2927\/revisions\/2941"}],"wp:attachment":[{"href":"https:\/\/agora.xtec.cat\/insderodadebara\/wp-json\/wp\/v2\/media?parent=2927"}],"wp:term":[{"taxonomy":"category","embeddable":true,"href":"https:\/\/agora.xtec.cat\/insderodadebara\/wp-json\/wp\/v2\/categories?post=2927"},{"taxonomy":"post_tag","embeddable":true,"href":"https:\/\/agora.xtec.cat\/insderodadebara\/wp-json\/wp\/v2\/tags?post=2927"}],"curies":[{"name":"wp","href":"https:\/\/api.w.org\/{rel}","templated":true}]}}