{"id":2924,"date":"2022-03-04T11:24:20","date_gmt":"2022-03-04T10:24:20","guid":{"rendered":"https:\/\/agora.xtec.cat\/insderodadebara\/?p=2924"},"modified":"2022-03-04T11:35:11","modified_gmt":"2022-03-04T10:35:11","slug":"matricula-curs-2021-22","status":"publish","type":"post","link":"https:\/\/agora.xtec.cat\/insderodadebara\/general\/matricula-curs-2021-22\/","title":{"rendered":"MATR\u00cdCULA CURS 2021-22"},"content":{"rendered":"<p>La propera setmana,\u00a0del 14 al 18 de juny\u00a0totes les fam\u00edlies que heu sol\u00b7licitat pla\u00e7a al nostre centre per\u00a01r d&#8217;ESO\u00a0cal que formalitzeu la matr\u00edcula pel curs 2021-2022.<\/p>\n<p>Les fam\u00edlies que heu sol\u00b7licitat pla\u00e7a per 2n, 3r i 4t d&#8217;ESO\u00a0cal que\u00a0realitzeu la matr\u00edcula\u00a0 del\u00a028 de juny al 2 de juliol.<\/p>\n<p>Per formalitzar la matr\u00edcula cal que envieu un correu electr\u00f2nic\u00a0 a aquesta mateixa adre\u00e7a amb el t\u00edtol &#8220;Matr\u00edcula alumnat nou&#8221;.<\/p>\n<p>Al correu heu d&#8217;adjuntar :<\/p>\n<div><\/div>\n<div>\n<ol>\n<li>Impr\u00e8s de Matr\u00edcula complimentat i signat.<\/li>\n<li>C\u00f2pia actualitzada de la cartilla de vacunacions.<\/li>\n<li>2 fotografies mida carnet .<\/li>\n<li>En cas que l&#8217;alumne\/a sigui al\u00b7l\u00e8rgic a algun aliment Certificat m\u00e8dic on consti el tipus d&#8217;al\u00b7l\u00e8rgia.<\/li>\n<li>Altra documentaci\u00f3 que considereu important(Per ex.: Certificat M\u00e8dic, en cas de problemes f\u00edsics que impedeixin les activitats pr\u00f2pies de l&#8217;educaci\u00f3 f\u00edsica&#8230;)<\/li>\n<li>Documentaci\u00f3 del centre ( &#8220;cust\u00f2dia&#8221;, &#8220;malalties&#8221;, &#8220;educaci\u00f3 en valors o religi\u00f3&#8221;, &#8220;autoritzaci\u00f3 recollida&#8221;, &#8220;drets d&#8217;imatge&#8221;, &#8220;sortides curriculars&#8221;, &#8220;segona llengua estrangera-alem\u00e0 ).<\/li>\n<li>Copia del rebut de pagament de la matr\u00edcula (adjuntem full de pagament).<\/li>\n<\/ol>\n<\/div>\n<p>Us subratllem la import\u00e0ncia de\u00a0realitzar la matr\u00edcula dins dels terminis establerts. No formalitzar la matr\u00edcula dins de termini suposa la\u00a0ren\u00fancia a la pla\u00e7a sol\u00b7licitada.<\/p>\n<p><a href=\"https:\/\/agora.xtec.cat\/insderodadebara\/wp-content\/uploads\/usu1145\/2021\/06\/documentacio_matricula_unida_juny2021.pdf\">documentacio_matricula<\/a><\/p>\n<p><a href=\"https:\/\/agora.xtec.cat\/insderodadebara\/wp-content\/uploads\/usu1145\/2021\/06\/pagament_matricula_-alumnes_nous_CURS21-22.pdf\">pagament_matricula_ alumnes_nous_CURS21-22<\/a><\/p>\n","protected":false},"excerpt":{"rendered":"<p>La propera setmana,\u00a0del 14 al 18 de juny\u00a0totes les fam\u00edlies que heu sol\u00b7licitat pla\u00e7a al nostre centre per\u00a01r d&#8217;ESO\u00a0cal que formalitzeu la matr\u00edcula pel curs 2021-2022.<br \/>\nLes fam\u00edlies que heu sol\u00b7licitat pla\u00e7a per 2n, 3r i 4t d&#8217;ESO\u00a0cal que\u00a0realitzeu la matr\u00edcula\u00a0 del\u00a028 de juny al 2&hellip;  <a href=\"https:\/\/agora.xtec.cat\/insderodadebara\/general\/matricula-curs-2021-22\/\" title=\"Read MATR\u00cdCULA CURS 2021-22\">Llegeix m\u00e9s\u00bb<\/a><\/p>\n","protected":false},"author":1,"featured_media":0,"comment_status":"closed","ping_status":"closed","sticky":false,"template":"","format":"standard","meta":{"_bbp_topic_count":0,"_bbp_reply_count":0,"_bbp_total_topic_count":0,"_bbp_total_reply_count":0,"_bbp_voice_count":0,"_bbp_anonymous_reply_count":0,"_bbp_topic_count_hidden":0,"_bbp_reply_count_hidden":0,"_bbp_forum_subforum_count":0,"footnotes":""},"categories":[3,5,6,7,1,29],"tags":[],"class_list":["post-2924","post","type-post","status-publish","format-standard","hentry","category-eso","category-eso-2","category-eso-3","category-eso-4","category-general","category-portada"],"post_mailing_queue_ids":[],"_links":{"self":[{"href":"https:\/\/agora.xtec.cat\/insderodadebara\/wp-json\/wp\/v2\/posts\/2924","targetHints":{"allow":["GET"]}}],"collection":[{"href":"https:\/\/agora.xtec.cat\/insderodadebara\/wp-json\/wp\/v2\/posts"}],"about":[{"href":"https:\/\/agora.xtec.cat\/insderodadebara\/wp-json\/wp\/v2\/types\/post"}],"author":[{"embeddable":true,"href":"https:\/\/agora.xtec.cat\/insderodadebara\/wp-json\/wp\/v2\/users\/1"}],"replies":[{"embeddable":true,"href":"https:\/\/agora.xtec.cat\/insderodadebara\/wp-json\/wp\/v2\/comments?post=2924"}],"version-history":[{"count":1,"href":"https:\/\/agora.xtec.cat\/insderodadebara\/wp-json\/wp\/v2\/posts\/2924\/revisions"}],"predecessor-version":[{"id":2925,"href":"https:\/\/agora.xtec.cat\/insderodadebara\/wp-json\/wp\/v2\/posts\/2924\/revisions\/2925"}],"wp:attachment":[{"href":"https:\/\/agora.xtec.cat\/insderodadebara\/wp-json\/wp\/v2\/media?parent=2924"}],"wp:term":[{"taxonomy":"category","embeddable":true,"href":"https:\/\/agora.xtec.cat\/insderodadebara\/wp-json\/wp\/v2\/categories?post=2924"},{"taxonomy":"post_tag","embeddable":true,"href":"https:\/\/agora.xtec.cat\/insderodadebara\/wp-json\/wp\/v2\/tags?post=2924"}],"curies":[{"name":"wp","href":"https:\/\/api.w.org\/{rel}","templated":true}]}}