{"id":2731,"date":"2021-01-14T08:36:30","date_gmt":"2021-01-14T07:36:30","guid":{"rendered":"http:\/\/agora.xtec.cat\/insderodadebara\/?p=2731"},"modified":"2021-01-14T08:38:42","modified_gmt":"2021-01-14T07:38:42","slug":"linstitut-ja-te-una-aula-dinformatica-portatil","status":"publish","type":"post","link":"https:\/\/agora.xtec.cat\/insderodadebara\/general\/linstitut-ja-te-una-aula-dinformatica-portatil\/","title":{"rendered":"L\u2019Institut ja t\u00e9 una aula d\u2019inform\u00e0tica port\u00e0til"},"content":{"rendered":"<p><span style=\"font-family: 'Georgia','serif';\"><a href=\"https:\/\/agora.xtec.cat\/insderodadebara\/wp-content\/uploads\/usu1145\/2021\/01\/aula-inform\u00e0tica-port\u00e0til_1.jpeg\"><img loading=\"lazy\" decoding=\"async\" class=\"alignleft size-medium wp-image-2732\" src=\"https:\/\/agora.xtec.cat\/insderodadebara\/wp-content\/uploads\/usu1145\/2021\/01\/aula-inform\u00e0tica-port\u00e0til_1-300x225.jpeg\" alt=\"\" width=\"300\" height=\"225\" srcset=\"https:\/\/agora.xtec.cat\/insderodadebara\/wp-content\/uploads\/usu1145\/2021\/01\/aula-inform\u00e0tica-port\u00e0til_1-300x225.jpeg 300w, https:\/\/agora.xtec.cat\/insderodadebara\/wp-content\/uploads\/usu1145\/2021\/01\/aula-inform\u00e0tica-port\u00e0til_1-768x576.jpeg 768w, https:\/\/agora.xtec.cat\/insderodadebara\/wp-content\/uploads\/usu1145\/2021\/01\/aula-inform\u00e0tica-port\u00e0til_1-1024x768.jpeg 1024w, https:\/\/agora.xtec.cat\/insderodadebara\/wp-content\/uploads\/usu1145\/2021\/01\/aula-inform\u00e0tica-port\u00e0til_1-200x150.jpeg 200w, https:\/\/agora.xtec.cat\/insderodadebara\/wp-content\/uploads\/usu1145\/2021\/01\/aula-inform\u00e0tica-port\u00e0til_1.jpeg 1600w\" sizes=\"auto, (max-width: 300px) 100vw, 300px\" \/><\/a>Des d\u2019aquest curs 2020-2021, l\u2019Institut de Roda de Ber\u00e0 compta amb una \u00a0nova aula d\u2019inform\u00e0tica port\u00e0til dotada amb 10 ordinadors.<\/span><\/p>\n<p><span style=\"font-family: 'Georgia','serif';\">Aquesta recurs complementa la dotaci\u00f3 inform\u00e0tica del centre i amplia les possibilitats que fins ara tenien els nostres alumnes d\u2019accedir a les noves tecnologies. A banda, aquesta nova aula d\u2019inform\u00e0tica port\u00e0til permetr\u00e0 oferir un servei addicional, at\u00e8s que en cas de confinament es podran prestar els equips a les fam\u00edlies especialment vulnerables.<\/span><\/p>\n<p class=\"Default\"><span style=\"font-family: 'Georgia','serif';\">Aquest equipament \u00a0ha estat possible gr\u00e0cies a la subvenci\u00f3 que l&#8217;Ajuntament de Roda de Ber\u00e0, en virtut del Decret d\u2019Alcaldia n\u00fam. 2020-2406,\u00a0 ha concedit a l&#8217;Associaci\u00f3 de Pares i Mares de l&#8217;Institut de Roda de Ber\u00e0. El pressupost total del projecte ha estat de 3.990,00\u20ac i la subvenci\u00f3 ha cobert el 70% del cost total (2820 \u20ac).<\/span><\/p>\n","protected":false},"excerpt":{"rendered":"<p><a href=\"https:\/\/agora.xtec.cat\/insderodadebara\/wp-content\/uploads\/usu1145\/2021\/01\/aula-inform\u00e0tica-port\u00e0til_1.jpeg\"><\/a>Des d\u2019aquest curs 2020-2021, l\u2019Institut de Roda de Ber\u00e0 compta amb una \u00a0nova aula d\u2019inform\u00e0tica port\u00e0til dotada amb 10 ordinadors.<br \/>\nAquesta recurs complementa la dotaci\u00f3 inform\u00e0tica del centre i amplia les possibilitats que fins ara tenien els nostres alumnes d\u2019accedir a les noves tecnologies. A&hellip;  <a href=\"https:\/\/agora.xtec.cat\/insderodadebara\/general\/linstitut-ja-te-una-aula-dinformatica-portatil\/\" title=\"Read L\u2019Institut ja t\u00e9 una aula d\u2019inform\u00e0tica port\u00e0til\">Llegeix m\u00e9s\u00bb<\/a><\/p>\n","protected":false},"author":1,"featured_media":0,"comment_status":"closed","ping_status":"closed","sticky":false,"template":"","format":"standard","meta":{"_bbp_topic_count":0,"_bbp_reply_count":0,"_bbp_total_topic_count":0,"_bbp_total_reply_count":0,"_bbp_voice_count":0,"_bbp_anonymous_reply_count":0,"_bbp_topic_count_hidden":0,"_bbp_reply_count_hidden":0,"_bbp_forum_subforum_count":0,"footnotes":""},"categories":[31,3,4,5,6,7,1,29],"tags":[],"class_list":["post-2731","post","type-post","status-publish","format-standard","hentry","category-ampa","category-eso","category-eso-1","category-eso-2","category-eso-3","category-eso-4","category-general","category-portada"],"post_mailing_queue_ids":[],"_links":{"self":[{"href":"https:\/\/agora.xtec.cat\/insderodadebara\/wp-json\/wp\/v2\/posts\/2731","targetHints":{"allow":["GET"]}}],"collection":[{"href":"https:\/\/agora.xtec.cat\/insderodadebara\/wp-json\/wp\/v2\/posts"}],"about":[{"href":"https:\/\/agora.xtec.cat\/insderodadebara\/wp-json\/wp\/v2\/types\/post"}],"author":[{"embeddable":true,"href":"https:\/\/agora.xtec.cat\/insderodadebara\/wp-json\/wp\/v2\/users\/1"}],"replies":[{"embeddable":true,"href":"https:\/\/agora.xtec.cat\/insderodadebara\/wp-json\/wp\/v2\/comments?post=2731"}],"version-history":[{"count":2,"href":"https:\/\/agora.xtec.cat\/insderodadebara\/wp-json\/wp\/v2\/posts\/2731\/revisions"}],"predecessor-version":[{"id":2734,"href":"https:\/\/agora.xtec.cat\/insderodadebara\/wp-json\/wp\/v2\/posts\/2731\/revisions\/2734"}],"wp:attachment":[{"href":"https:\/\/agora.xtec.cat\/insderodadebara\/wp-json\/wp\/v2\/media?parent=2731"}],"wp:term":[{"taxonomy":"category","embeddable":true,"href":"https:\/\/agora.xtec.cat\/insderodadebara\/wp-json\/wp\/v2\/categories?post=2731"},{"taxonomy":"post_tag","embeddable":true,"href":"https:\/\/agora.xtec.cat\/insderodadebara\/wp-json\/wp\/v2\/tags?post=2731"}],"curies":[{"name":"wp","href":"https:\/\/api.w.org\/{rel}","templated":true}]}}