{"id":2603,"date":"2020-06-09T07:06:24","date_gmt":"2020-06-09T05:06:24","guid":{"rendered":"http:\/\/agora.xtec.cat\/insderodadebara\/?p=2603"},"modified":"2021-06-09T09:57:34","modified_gmt":"2021-06-09T07:57:34","slug":"calendari-recuperacions-extraordinaries-curs-19-20","status":"publish","type":"post","link":"https:\/\/agora.xtec.cat\/insderodadebara\/general\/calendari-recuperacions-extraordinaries-curs-19-20\/","title":{"rendered":"Calendari recuperacions extraordin\u00e0ries curs 20-21"},"content":{"rendered":"<p>Us informem que les proves extraordin\u00e0ries de juny\u00a0 es desenvoluparan els dies 17, 18 i 21 de juny, d\u2019acord amb el calendari adjunt:<\/p>\n<p><a href=\"https:\/\/agora.xtec.cat\/insderodadebara\/wp-content\/uploads\/usu1145\/2020\/06\/Calendari-recuperacions-extraordin\u00e0ries-20-21.pdf\">Calendari recuperacions extraordin\u00e0ries 20-21<\/a><\/p>\n<p>D&#8217;altra banda, us informem que <strong>el lliurament de notes de l&#8217;avaluaci\u00f3 ordin\u00e0ria i extraordin\u00e0ria est\u00e0 previst que es faci el 30 de juny, a les 11 h. El per\u00edode de reclamacions ser\u00e0 entre les 11 i les 13 h el mateix 30 de juny.<br \/>\n<\/strong><\/p>\n<p><strong>\u00a0<\/strong><\/p>\n","protected":false},"excerpt":{"rendered":"<p>Us informem que les proves extraordin\u00e0ries de juny\u00a0 es desenvoluparan els dies 17, 18 i 21 de juny, d\u2019acord amb el calendari adjunt:<br \/>\n<a href=\"https:\/\/agora.xtec.cat\/insderodadebara\/wp-content\/uploads\/usu1145\/2020\/06\/Calendari-recuperacions-extraordin\u00e0ries-20-21.pdf\">Calendari recuperacions extraordin\u00e0ries 20-21<\/a><br \/>\nD&#8217;altra banda, us informem que el lliurament de notes de l&#8217;avaluaci\u00f3 ordin\u00e0ria i extraordin\u00e0ria est\u00e0 previst que es faci&hellip;  <a href=\"https:\/\/agora.xtec.cat\/insderodadebara\/general\/calendari-recuperacions-extraordinaries-curs-19-20\/\" title=\"Read Calendari recuperacions extraordin\u00e0ries curs 20-21\">Llegeix m\u00e9s\u00bb<\/a><\/p>\n","protected":false},"author":1,"featured_media":0,"comment_status":"closed","ping_status":"closed","sticky":false,"template":"","format":"standard","meta":{"_bbp_topic_count":0,"_bbp_reply_count":0,"_bbp_total_topic_count":0,"_bbp_total_reply_count":0,"_bbp_voice_count":0,"_bbp_anonymous_reply_count":0,"_bbp_topic_count_hidden":0,"_bbp_reply_count_hidden":0,"_bbp_forum_subforum_count":0,"footnotes":""},"categories":[3,1,29],"tags":[],"class_list":["post-2603","post","type-post","status-publish","format-standard","hentry","category-eso","category-general","category-portada"],"post_mailing_queue_ids":[],"_links":{"self":[{"href":"https:\/\/agora.xtec.cat\/insderodadebara\/wp-json\/wp\/v2\/posts\/2603","targetHints":{"allow":["GET"]}}],"collection":[{"href":"https:\/\/agora.xtec.cat\/insderodadebara\/wp-json\/wp\/v2\/posts"}],"about":[{"href":"https:\/\/agora.xtec.cat\/insderodadebara\/wp-json\/wp\/v2\/types\/post"}],"author":[{"embeddable":true,"href":"https:\/\/agora.xtec.cat\/insderodadebara\/wp-json\/wp\/v2\/users\/1"}],"replies":[{"embeddable":true,"href":"https:\/\/agora.xtec.cat\/insderodadebara\/wp-json\/wp\/v2\/comments?post=2603"}],"version-history":[{"count":2,"href":"https:\/\/agora.xtec.cat\/insderodadebara\/wp-json\/wp\/v2\/posts\/2603\/revisions"}],"predecessor-version":[{"id":2773,"href":"https:\/\/agora.xtec.cat\/insderodadebara\/wp-json\/wp\/v2\/posts\/2603\/revisions\/2773"}],"wp:attachment":[{"href":"https:\/\/agora.xtec.cat\/insderodadebara\/wp-json\/wp\/v2\/media?parent=2603"}],"wp:term":[{"taxonomy":"category","embeddable":true,"href":"https:\/\/agora.xtec.cat\/insderodadebara\/wp-json\/wp\/v2\/categories?post=2603"},{"taxonomy":"post_tag","embeddable":true,"href":"https:\/\/agora.xtec.cat\/insderodadebara\/wp-json\/wp\/v2\/tags?post=2603"}],"curies":[{"name":"wp","href":"https:\/\/api.w.org\/{rel}","templated":true}]}}