{"id":2580,"date":"2020-05-25T12:41:23","date_gmt":"2020-05-25T10:41:23","guid":{"rendered":"http:\/\/agora.xtec.cat\/insderodadebara\/?p=2580"},"modified":"2020-06-04T10:41:35","modified_gmt":"2020-06-04T08:41:35","slug":"com-ho-he-de-fer-si-vull-acudir-al-centre","status":"publish","type":"post","link":"https:\/\/agora.xtec.cat\/insderodadebara\/general\/com-ho-he-de-fer-si-vull-acudir-al-centre\/","title":{"rendered":"Com ho he de fer si vull acudir al centre?"},"content":{"rendered":"<p>Si necessites venir al centre, has de fer 2 TR\u00c0MITS (indispensable fer els dos)<\/p>\n<p>TR\u00c0MIT 1:<\/p>\n<p>Has d&#8217;emplenar el seg\u00fcent formulari:<\/p>\n<p><a href=\"https:\/\/forms.gle\/VQFN68qCFKbcwNus7\">https:\/\/forms.gle\/VQFN68qCFKbcwNus7<\/a><\/p>\n<p>TR\u00c0MIT 2:<\/p>\n<p>Haur\u00e0s de portar aquesta\u00a0<a href=\"https:\/\/agora.xtec.cat\/insderodadebara\/wp-content\/uploads\/usu1145\/2020\/05\/declaracio_responsable_families_secundaria.pdf\">declaracio_responsable_families_secundaria<\/a> emplenada impresa i signada (si no disposeu d&#8217;impressora l&#8217;Ajuntament de Roda de Ber\u00e0 disposa de la declaraci\u00f3\u00a0 responsable per a families de secundaria en paper)<\/p>\n<p>COSES IMPORTANTS A TENIR EN COMPTE:<\/p>\n<p>Des del centre, ens posarem en contacte amb tu per donar-te dia i hora. No et pots presentar al centre sense cita pr\u00e8via. Tingues en compte que has de complir els seg\u00fcents <strong>requisits<\/strong>:<\/p>\n<ul>\n<li><strong>Abs\u00e8ncia de simptomatologia compatible amb la COVID-19<\/strong> (febre, tos, dificultat respirat\u00f2ria, malestar, diarrea&#8230;) o amb qualsevol altre quadre infecci\u00f3s.<\/li>\n<li>Que no siguis o hagis estat positiu per al SARS-CoV 2 durant els 14 dies anteriors.<\/li>\n<li>Que no hagis estat en contacte estret amb positiu confirmat o simptomatologia compatible en els 14 dies anteriors.<\/li>\n<li><strong>Tenir el calendari vacunal<\/strong> al dia.<\/li>\n<li>Haur\u00e0s de portar aquesta\u00a0<a href=\"https:\/\/agora.xtec.cat\/insderodadebara\/wp-content\/uploads\/usu1145\/2020\/05\/declaracio_responsable_families_secundaria.pdf\">declaracio_responsable_families_secundaria<\/a> emplenada.<\/li>\n<\/ul>\n<p><strong> Si alg\u00fa demana cita i \u00e9s de Bonastre, ho ha de fer amb suficient antelaci\u00f3 i informant sempre de la necessitat de transport.<\/strong><\/p>\n<p>Quan siguis al centre, recorda que:<\/p>\n<ul>\n<li>Has de de seguir estrictament les instruccions referents a salut, ordre i higiene donades pel centre educatiu. Has de mantenir en tot moment una dist\u00e0ncia de seguretat \u2013almenys de 2 metres\u2013 amb professors i companys.<\/li>\n<li>Has de portar els seus propis estris (llibreta, bol\u00edgraf,&#8230;) i mascareta.<\/li>\n<li>Sempre que sigui possible has d&#8217;utilitzar material individual. No es distribuiran documents en paper, excepte en casos imprescindibles.<\/li>\n<li>Nom\u00e9s podr\u00e0s estar al centre en el moment i els llocs indicats. No es pot passejar lliurement pel centre. I has de romandre al centre durant el temps just que duri l\u2019activitat per la qual s\u2019han personat. La entrada i sortida al centre l&#8217;has de fer segons les indicacions.<\/li>\n<li>En cas de presentar-te amb un pare\/mare\/ tutor, nom\u00e9s podr\u00e0s tenir un acompanyant.<\/li>\n<\/ul>\n<p>Per \u00faltim, tingues en compte les seg\u00fcents <strong>normes de protecci\u00f3 i prevenci\u00f3<\/strong>:<\/p>\n<ul>\n<li>Has de tossir i esternudar al colze.<\/li>\n<li>T&#8217;has de rentar les mans a l\u2019arribada i a la sortida del centre educatiu; abans i despr\u00e9s d\u2019anar al WC (infants continents), i abans i despr\u00e9s de les diferents activitats.<\/li>\n<li>Has de mantenir el distanciament f\u00edsic d\u2019almenys 2 metres amb companys i professors.<\/li>\n<li>No pots menjar al centre.<\/li>\n<li>Has d&#8217;utilitzar mascareta (higi\u00e8nica amb compliment norma UNE). Cal que segueixis les normes per a la seva correcta col\u00b7locaci\u00f3 i enretirada.<\/li>\n<\/ul>\n<p>&nbsp;<\/p>\n","protected":false},"excerpt":{"rendered":"<p>Si necessites venir al centre, has d&#8217;emplenar el seg\u00fcent formulari:https:\/\/forms.gle\/VQFN68qCFKbcwNus7&hellip;  <a href=\"https:\/\/agora.xtec.cat\/insderodadebara\/general\/com-ho-he-de-fer-si-vull-acudir-al-centre\/\" title=\"Read Com ho he de fer si vull acudir al centre?\">Llegeix m\u00e9s\u00bb<\/a><\/p>\n","protected":false},"author":1,"featured_media":0,"comment_status":"closed","ping_status":"closed","sticky":false,"template":"","format":"standard","meta":{"_bbp_topic_count":0,"_bbp_reply_count":0,"_bbp_total_topic_count":0,"_bbp_total_reply_count":0,"_bbp_voice_count":0,"_bbp_anonymous_reply_count":0,"_bbp_topic_count_hidden":0,"_bbp_reply_count_hidden":0,"_bbp_forum_subforum_count":0,"footnotes":""},"categories":[3,1,29],"tags":[],"class_list":["post-2580","post","type-post","status-publish","format-standard","hentry","category-eso","category-general","category-portada"],"post_mailing_queue_ids":[],"_links":{"self":[{"href":"https:\/\/agora.xtec.cat\/insderodadebara\/wp-json\/wp\/v2\/posts\/2580","targetHints":{"allow":["GET"]}}],"collection":[{"href":"https:\/\/agora.xtec.cat\/insderodadebara\/wp-json\/wp\/v2\/posts"}],"about":[{"href":"https:\/\/agora.xtec.cat\/insderodadebara\/wp-json\/wp\/v2\/types\/post"}],"author":[{"embeddable":true,"href":"https:\/\/agora.xtec.cat\/insderodadebara\/wp-json\/wp\/v2\/users\/1"}],"replies":[{"embeddable":true,"href":"https:\/\/agora.xtec.cat\/insderodadebara\/wp-json\/wp\/v2\/comments?post=2580"}],"version-history":[{"count":3,"href":"https:\/\/agora.xtec.cat\/insderodadebara\/wp-json\/wp\/v2\/posts\/2580\/revisions"}],"predecessor-version":[{"id":2596,"href":"https:\/\/agora.xtec.cat\/insderodadebara\/wp-json\/wp\/v2\/posts\/2580\/revisions\/2596"}],"wp:attachment":[{"href":"https:\/\/agora.xtec.cat\/insderodadebara\/wp-json\/wp\/v2\/media?parent=2580"}],"wp:term":[{"taxonomy":"category","embeddable":true,"href":"https:\/\/agora.xtec.cat\/insderodadebara\/wp-json\/wp\/v2\/categories?post=2580"},{"taxonomy":"post_tag","embeddable":true,"href":"https:\/\/agora.xtec.cat\/insderodadebara\/wp-json\/wp\/v2\/tags?post=2580"}],"curies":[{"name":"wp","href":"https:\/\/api.w.org\/{rel}","templated":true}]}}