{"id":2568,"date":"2020-05-08T12:08:36","date_gmt":"2020-05-08T10:08:36","guid":{"rendered":"http:\/\/agora.xtec.cat\/insderodadebara\/?p=2568"},"modified":"2020-05-15T15:58:19","modified_gmt":"2020-05-15T13:58:19","slug":"preinscripcio-per-als-alumnes-que-sincorporen-a-1r-deso","status":"publish","type":"post","link":"https:\/\/agora.xtec.cat\/insderodadebara\/general\/preinscripcio-per-als-alumnes-que-sincorporen-a-1r-deso\/","title":{"rendered":"Preinscripci\u00f3 per als alumnes que s&#8217;incorporen a 1r d&#8217;ESO"},"content":{"rendered":"<p>Us informem que les dates previstes per a la preinscripci\u00f3 dels alumnes que s&#8217;incorporaran a 1r d&#8217;ESO s\u00f3n les seg\u00fcents: del <strong>13 al 22 de maig,<\/strong> ambd\u00f3s inclosos.<\/p>\n<p>La sol\u00b7licitud es pot presentar telem\u00e0ticament o presencialment.<\/p>\n<p>Si ho fas<strong> telem\u00e0ticament, <\/strong>tingues en compte el seg\u00fcent<strong>:<\/strong><\/p>\n<p>Ho has de fer a trav\u00e9s de la seg\u00fcent adre\u00e7a: <a href=\"http:\/\/ensenyament.gencat.cat\/ca\/tramits\/tramits-temes\/20483_preinscripcio_escolar?moda=1\">http:\/\/ensenyament.gencat.cat\/ca\/tramits\/tramits-temes\/20483_preinscripcio_escolar?moda=1<\/a><\/p>\n<p>\u00c9s important llegir tota la informaci\u00f3 per saber qu\u00e8 cal fer:<\/p>\n<p>Des del web s&#8217;ha d&#8217;accedir al <em>Pas1 | Per internet | Sol\u00b7licitud amb suport inform\u00e0tic | Ves-hi o Accedir<\/em> (bot\u00f3 vermell).<\/p>\n<p>El codi del nostre centre es 43011418.<\/p>\n<p>Si sou de les escoles Salvador Espriu, Cucurull o L&#8217;Estel Zer Els Ceps recordeu que sou d&#8217;un centre adscrit.<\/p>\n<div class=\"panel-body\">\n<div class=\"FW_sArticleFoto\">\n<div class=\"FW_sEditPro\">\n<p>Nom\u00e9s es pot presentar una sol\u00b7licitud de preinscripci\u00f3 per alumne o alumna per\u00f2 s&#8217;hi poden incloure peticions d&#8217;admissi\u00f3 en diversos centres (10 com a m\u00e0xim i per ordre de prefer\u00e8ncia). La presentaci\u00f3 de m\u00e9s d&#8217;una sol\u00b7licitud comporta la invalidaci\u00f3 dels drets de prioritat que puguin correspondre.<\/p>\n<p>Cal utilitzar la sol\u00b7licitud amb suport inform\u00e0tic. S\u2019hi pot accedir mitjan\u00e7ant <strong>un ordinador, una tauleta t\u00e0ctil o un tel\u00e8fon m\u00f2bil<\/strong>. Una vegada enviades les dades s\u2019obt\u00e9 el resguard de la sol\u00b7licitud. Aquest resguard s\u2019ha d\u2019enviar per correu electr\u00f2nic a la b\u00fastia electr\u00f2nica oficial del centre demanat en primera opci\u00f3 (en el nostre cas, e3011418@xtec.cat). Juntament amb el resguard de la sol\u00b7licitud de preinscripci\u00f3 cal presentar la documentaci\u00f3 <strong>escanejada o fotografiada<\/strong>.<\/p>\n<p>Si no podeu fer-nos arribar la documentaci\u00f3 al correu electr\u00f2nic del nostre centre (e3011418@xtec.cat), podeu enviar la documentaci\u00f3 per foto al WhatsApp del centre (tel. 630249229).<\/p>\n<p>En emplenar la sol\u00b7licitud amb suport inform\u00e0tic trobareu un espai que cal omplir amb l&#8217;<strong>identificador<\/strong> de l&#8217;alumne o alumna. Es pot consultar l&#8217;identificador de l&#8217;alumne a trav\u00e9s del web del <a title=\"Departament d'Educaci\u00f3\" href=\"http:\/\/ensenyament.gencat.cat\/ca\/tramits\/tramits-temes\/identificador-alumne\" target=\"_blank\" rel=\"noopener noreferrer\">Departament d&#8217;Educaci\u00f3 <\/a>o demanar-ho al centre de proced\u00e8ncia. En casos excepcionals i durant el per\u00edode de preinscripci\u00f3, el pare, mare o tutor de l&#8217;alumne o alumna pot sol\u00b7licitar aquest identificador per correu electr\u00f2nic a la b\u00fastia electr\u00f2nica oficial dels serveis territorials del Departament, enviant el DNI o document equivalent escanejat o fotografiat.<\/p>\n<p><strong>Si ho fas presencialment,<\/strong> has de demanar cita pr\u00e8via (\u00e9s obligatori) a partir del dilluns 18 de maig a trav\u00e9s d&#8217;un del seg\u00fcents mitjans:<\/p>\n<\/div>\n<p>Tel\u00e8fon del centre: 630249229 (trucada o WhatsApp)<\/p>\n<p>Adre\u00e7a de correu electr\u00f2nic del centre: <a href=\"mailto:e3011418@xtec.cat\">e3011418@xtec.cat<\/a><\/p>\n<div class=\"FW_sEditPro\">\n<p><a href=\"https:\/\/aplicacions.gestioeducativa.gencat.cat\/pls\/apex\/f?p=CITA_PREVIA:4::::4:P4_TIPUS_CALENDARI,P4_DOMINI:01_Oblig,08018273\">Aplicatiu del Departament d&#8217;Educaci\u00f3<\/a><\/p>\n<p>Recorda que les cites preinscripcions presencials i telem\u00e0tiques acaben el 22 de maig<\/p>\n<\/div>\n<\/div>\n<\/div>\n","protected":false},"excerpt":{"rendered":"<p>Us informem que les dates previstes per a la preinscripci\u00f3 dels alumnes que s&#8217;incorporaran a 1r d&#8217;ESO s\u00f3n les seg\u00fcents: del 13 al 22 de maig, ambd\u00f3s inclosos.<br \/>\nLa sol\u00b7licitud es pot presentar telem\u00e0ticament o presencialment.<br \/>\nSi ho fas telem\u00e0ticament, tingues en compte el seg\u00fcent:<br \/>\nHo has de&hellip;  <a href=\"https:\/\/agora.xtec.cat\/insderodadebara\/general\/preinscripcio-per-als-alumnes-que-sincorporen-a-1r-deso\/\" title=\"Read Preinscripci\u00f3 per als alumnes que s&#8217;incorporen a 1r d&#8217;ESO\">Llegeix m\u00e9s\u00bb<\/a><\/p>\n","protected":false},"author":1,"featured_media":0,"comment_status":"closed","ping_status":"closed","sticky":false,"template":"","format":"standard","meta":{"_bbp_topic_count":0,"_bbp_reply_count":0,"_bbp_total_topic_count":0,"_bbp_total_reply_count":0,"_bbp_voice_count":0,"_bbp_anonymous_reply_count":0,"_bbp_topic_count_hidden":0,"_bbp_reply_count_hidden":0,"_bbp_forum_subforum_count":0,"footnotes":""},"categories":[1,29],"tags":[],"class_list":["post-2568","post","type-post","status-publish","format-standard","hentry","category-general","category-portada"],"post_mailing_queue_ids":[],"_links":{"self":[{"href":"https:\/\/agora.xtec.cat\/insderodadebara\/wp-json\/wp\/v2\/posts\/2568","targetHints":{"allow":["GET"]}}],"collection":[{"href":"https:\/\/agora.xtec.cat\/insderodadebara\/wp-json\/wp\/v2\/posts"}],"about":[{"href":"https:\/\/agora.xtec.cat\/insderodadebara\/wp-json\/wp\/v2\/types\/post"}],"author":[{"embeddable":true,"href":"https:\/\/agora.xtec.cat\/insderodadebara\/wp-json\/wp\/v2\/users\/1"}],"replies":[{"embeddable":true,"href":"https:\/\/agora.xtec.cat\/insderodadebara\/wp-json\/wp\/v2\/comments?post=2568"}],"version-history":[{"count":4,"href":"https:\/\/agora.xtec.cat\/insderodadebara\/wp-json\/wp\/v2\/posts\/2568\/revisions"}],"predecessor-version":[{"id":2577,"href":"https:\/\/agora.xtec.cat\/insderodadebara\/wp-json\/wp\/v2\/posts\/2568\/revisions\/2577"}],"wp:attachment":[{"href":"https:\/\/agora.xtec.cat\/insderodadebara\/wp-json\/wp\/v2\/media?parent=2568"}],"wp:term":[{"taxonomy":"category","embeddable":true,"href":"https:\/\/agora.xtec.cat\/insderodadebara\/wp-json\/wp\/v2\/categories?post=2568"},{"taxonomy":"post_tag","embeddable":true,"href":"https:\/\/agora.xtec.cat\/insderodadebara\/wp-json\/wp\/v2\/tags?post=2568"}],"curies":[{"name":"wp","href":"https:\/\/api.w.org\/{rel}","templated":true}]}}