{"id":2486,"date":"2020-02-06T09:15:21","date_gmt":"2020-02-06T08:15:21","guid":{"rendered":"http:\/\/agora.xtec.cat\/insderodadebara\/?p=2486"},"modified":"2020-04-22T19:24:14","modified_gmt":"2020-04-22T17:24:14","slug":"concurs-literari","status":"publish","type":"post","link":"https:\/\/agora.xtec.cat\/insderodadebara\/general\/concurs-literari\/","title":{"rendered":"Ja tenim guanyadors del Concurs Literari Sant Jordi &#8211; Cartes amb cor"},"content":{"rendered":"<p>Ja tenim guanyadors del Concurs Literari Sant Jordi. Els alumnes i textos guanyadors (cliqueu a sobre del nom per llegir-los) s\u00f3n els seg\u00fcents:<\/p>\n<p><strong>Categoria 1r i 2n d&#8217;ESO<\/strong><\/p>\n<p><a href=\"https:\/\/agora.xtec.cat\/insderodadebara\/wp-content\/uploads\/usu1145\/2020\/02\/Helena-Mestre.pdf\">Helena Mestre<\/a>, de 1r D<\/p>\n<p><a href=\"https:\/\/agora.xtec.cat\/insderodadebara\/wp-content\/uploads\/usu1145\/2020\/02\/Iker-Fern\u00e1ndez.pdf\">Iker Fern\u00e1ndez<\/a>, 2n D<\/p>\n<p><strong>Categoria 3r i 4t d&#8217;ESO<\/strong><\/p>\n<p><a href=\"https:\/\/agora.xtec.cat\/insderodadebara\/wp-content\/uploads\/usu1145\/2020\/02\/Yolanda-L\u00f3pez.pdf\">Yolanda L\u00f3pez<\/a>, 3r A<\/p>\n<p><a href=\"https:\/\/agora.xtec.cat\/insderodadebara\/wp-content\/uploads\/usu1145\/2020\/02\/Paula-Bernat.pdf\">Paula Bernat<\/a>, 4t B<\/p>\n<p>L&#8217;enhorabona als guanyadors (Quan puguem tornar al centre, us lliurarem el premi) i a totes les persones que han participat. <strong>Recordeu, per\u00f2, que el m\u00e9s important \u00e9s que\u00a0 ara feu feli\u00e7 alg\u00fa fent arribar les vostres cartes als seg\u00fcents centres sanitaris:<\/strong><\/p>\n<ul>\n<li>Hospital Sant Joan (Reus): <a href=\"mailto:escripturapinturacura@hospitalsantjoan.cat\">escripturapinturacura@hospitalsantjoan.cat<\/a><\/li>\n<li>Hospital Santa Tecla (Tarragona): <a href=\"mailto:anims@xarxatecla.cat\">anims@xarxatecla.cat<\/a><\/li>\n<li>Hospital Pere Mata (Reus): <a href=\"mailto:cartesperemata@gmail.com\">cartesperemata@gmail.com<\/a><\/li>\n<\/ul>\n","protected":false},"excerpt":{"rendered":"<p>L&#8217;enhorabona als guanyadors (Quan puguem tornar al centre, us lliurarem el premi) i a totes les persones que han participat.&hellip;  <a href=\"https:\/\/agora.xtec.cat\/insderodadebara\/general\/concurs-literari\/\" title=\"Read Ja tenim guanyadors del Concurs Literari Sant Jordi &#8211; Cartes amb cor\">Llegeix m\u00e9s\u00bb<\/a><\/p>\n","protected":false},"author":1,"featured_media":0,"comment_status":"closed","ping_status":"closed","sticky":false,"template":"","format":"standard","meta":{"_bbp_topic_count":0,"_bbp_reply_count":0,"_bbp_total_topic_count":0,"_bbp_total_reply_count":0,"_bbp_voice_count":0,"_bbp_anonymous_reply_count":0,"_bbp_topic_count_hidden":0,"_bbp_reply_count_hidden":0,"_bbp_forum_subforum_count":0,"footnotes":""},"categories":[1,29],"tags":[],"class_list":["post-2486","post","type-post","status-publish","format-standard","hentry","category-general","category-portada"],"post_mailing_queue_ids":[],"_links":{"self":[{"href":"https:\/\/agora.xtec.cat\/insderodadebara\/wp-json\/wp\/v2\/posts\/2486","targetHints":{"allow":["GET"]}}],"collection":[{"href":"https:\/\/agora.xtec.cat\/insderodadebara\/wp-json\/wp\/v2\/posts"}],"about":[{"href":"https:\/\/agora.xtec.cat\/insderodadebara\/wp-json\/wp\/v2\/types\/post"}],"author":[{"embeddable":true,"href":"https:\/\/agora.xtec.cat\/insderodadebara\/wp-json\/wp\/v2\/users\/1"}],"replies":[{"embeddable":true,"href":"https:\/\/agora.xtec.cat\/insderodadebara\/wp-json\/wp\/v2\/comments?post=2486"}],"version-history":[{"count":4,"href":"https:\/\/agora.xtec.cat\/insderodadebara\/wp-json\/wp\/v2\/posts\/2486\/revisions"}],"predecessor-version":[{"id":2524,"href":"https:\/\/agora.xtec.cat\/insderodadebara\/wp-json\/wp\/v2\/posts\/2486\/revisions\/2524"}],"wp:attachment":[{"href":"https:\/\/agora.xtec.cat\/insderodadebara\/wp-json\/wp\/v2\/media?parent=2486"}],"wp:term":[{"taxonomy":"category","embeddable":true,"href":"https:\/\/agora.xtec.cat\/insderodadebara\/wp-json\/wp\/v2\/categories?post=2486"},{"taxonomy":"post_tag","embeddable":true,"href":"https:\/\/agora.xtec.cat\/insderodadebara\/wp-json\/wp\/v2\/tags?post=2486"}],"curies":[{"name":"wp","href":"https:\/\/api.w.org\/{rel}","templated":true}]}}