{"id":2289,"date":"2019-05-16T09:40:38","date_gmt":"2019-05-16T07:40:38","guid":{"rendered":"http:\/\/agora.xtec.cat\/insderodadebara\/?p=2289"},"modified":"2019-06-14T09:26:19","modified_gmt":"2019-06-14T07:26:19","slug":"calendari-recuperacions-extraordinaries-de-juny","status":"publish","type":"post","link":"https:\/\/agora.xtec.cat\/insderodadebara\/general\/calendari-recuperacions-extraordinaries-de-juny\/","title":{"rendered":"Calendari recuperacions extraordin\u00e0ries de juny"},"content":{"rendered":"<p>Us informem que les proves extraordin\u00e0ries de juny (enguany no hi haur\u00e0 proves de recuperaci\u00f3 al setembre) es desenvoluparan entre el 20 i el 25 de juny, d\u2019acord amb el calendari adjunt.<\/p>\n<p><a href=\"https:\/\/agora.xtec.cat\/insderodadebara\/wp-content\/uploads\/usu1145\/2019\/05\/Calendari-recuperacions-extraordin\u00e0ries-1819-al.pdf\">Calendari recuperacions extraordin\u00e0ries 1819 (al)<\/a><\/p>\n<p><span class=\"gmail_default\">Els dies <\/span>20 i 21 de juny s\u00f3n d&#8217;horari especial per a l&#8217;alumnat, at\u00e8s que es duran a terme les recuperacions. Aquests dos dies els alumnes podran sortir del centre sense que els reculli una persona autoritzada (pare, mare i\/o tutor\/a legal). No obstant aix\u00f2, s&#8217;han previst espais perqu\u00e8, qui ho desitgi, pugui romandre a l&#8217;Institut preparant les recuperacions.<\/p>\n<p>D&#8217;altra banda, us informem que, finalment, <strong>el lliurament de notes per a tot l&#8217;alumnat ser\u00e0 el dia 28 de juny de 2019, a les 10 h (reclamacions de 10 a 12 h)<\/strong>. Per tant, rectifiquem la informaci\u00f3 que apareixia a les circulars del cr\u00e8dit de s\u00edntesi en qu\u00e8 es parlava del dia 19 de juny.<i><br \/>\n<\/i><\/p>\n","protected":false},"excerpt":{"rendered":"<p>Us informem que les proves extraordin\u00e0ries de juny (enguany no hi haur\u00e0 proves de recuperaci\u00f3 al setembre) es desenvoluparan entre el 20 i el 25 de juny, d\u2019acord amb el calendari adjunt.<br \/>\n<a href=\"https:\/\/agora.xtec.cat\/insderodadebara\/wp-content\/uploads\/usu1145\/2019\/05\/Calendari-recuperacions-extraordin\u00e0ries-1819-al.pdf\">Calendari recuperacions extraordin\u00e0ries 1819 (al)<\/a><br \/>\nEls dies 20 i 21 de juny s\u00f3n d&#8217;horari&hellip;  <a href=\"https:\/\/agora.xtec.cat\/insderodadebara\/general\/calendari-recuperacions-extraordinaries-de-juny\/\" title=\"Read Calendari recuperacions extraordin\u00e0ries de juny\">Llegeix m\u00e9s\u00bb<\/a><\/p>\n","protected":false},"author":1,"featured_media":0,"comment_status":"closed","ping_status":"closed","sticky":false,"template":"","format":"standard","meta":{"_bbp_topic_count":0,"_bbp_reply_count":0,"_bbp_total_topic_count":0,"_bbp_total_reply_count":0,"_bbp_voice_count":0,"_bbp_anonymous_reply_count":0,"_bbp_topic_count_hidden":0,"_bbp_reply_count_hidden":0,"_bbp_forum_subforum_count":0,"footnotes":""},"categories":[31,3,4,9,10,11,5,14,15,16,6,19,20,21,7,24,25,26,1,29],"tags":[],"class_list":["post-2289","post","type-post","status-publish","format-standard","hentry","category-ampa","category-eso","category-eso-1","category-eso-1a","category-eso-1b","category-eso-1c","category-eso-2","category-eso-2a","category-eso-2b","category-eso-2c","category-eso-3","category-eso-3a","category-eso-3b","category-eso-3c","category-eso-4","category-eso-4a","category-eso-4b","category-eso-4c","category-general","category-portada"],"post_mailing_queue_ids":[],"_links":{"self":[{"href":"https:\/\/agora.xtec.cat\/insderodadebara\/wp-json\/wp\/v2\/posts\/2289","targetHints":{"allow":["GET"]}}],"collection":[{"href":"https:\/\/agora.xtec.cat\/insderodadebara\/wp-json\/wp\/v2\/posts"}],"about":[{"href":"https:\/\/agora.xtec.cat\/insderodadebara\/wp-json\/wp\/v2\/types\/post"}],"author":[{"embeddable":true,"href":"https:\/\/agora.xtec.cat\/insderodadebara\/wp-json\/wp\/v2\/users\/1"}],"replies":[{"embeddable":true,"href":"https:\/\/agora.xtec.cat\/insderodadebara\/wp-json\/wp\/v2\/comments?post=2289"}],"version-history":[{"count":3,"href":"https:\/\/agora.xtec.cat\/insderodadebara\/wp-json\/wp\/v2\/posts\/2289\/revisions"}],"predecessor-version":[{"id":2293,"href":"https:\/\/agora.xtec.cat\/insderodadebara\/wp-json\/wp\/v2\/posts\/2289\/revisions\/2293"}],"wp:attachment":[{"href":"https:\/\/agora.xtec.cat\/insderodadebara\/wp-json\/wp\/v2\/media?parent=2289"}],"wp:term":[{"taxonomy":"category","embeddable":true,"href":"https:\/\/agora.xtec.cat\/insderodadebara\/wp-json\/wp\/v2\/categories?post=2289"},{"taxonomy":"post_tag","embeddable":true,"href":"https:\/\/agora.xtec.cat\/insderodadebara\/wp-json\/wp\/v2\/tags?post=2289"}],"curies":[{"name":"wp","href":"https:\/\/api.w.org\/{rel}","templated":true}]}}