{"id":2280,"date":"2019-04-10T13:33:53","date_gmt":"2019-04-10T11:33:53","guid":{"rendered":"http:\/\/agora.xtec.cat\/insderodadebara\/?p=2280"},"modified":"2019-04-10T13:33:53","modified_gmt":"2019-04-10T11:33:53","slug":"horari-exposicions-orals-projectes-de-recerca","status":"publish","type":"post","link":"https:\/\/agora.xtec.cat\/insderodadebara\/general\/horari-exposicions-orals-projectes-de-recerca\/","title":{"rendered":"Horari exposicions orals projectes de recerca"},"content":{"rendered":"<p>Els proper 26 d\u2019abril est\u00e0 previst que l\u2019alumnat de 4t d\u2019ESO faci les exposicions dels projectes de recerca. <strong>Per aquest motiu, aquest dia es veur\u00e0 alterat el marc horari habitual.<\/strong><\/p>\n<p>Aix\u00ed doncs, el 26 d\u2019abril, els alumnes nom\u00e9s acudiran al centre per fer les esmentades exposicions d\u2019acord amb l\u2019horari que es recull a continuaci\u00f3 (hauran de ser al centre 15 min abans de l\u2019hora fixada per a la seva presentaci\u00f3). Un cop feta l\u2019exposici\u00f3, podran sortir del centre sense que el tutor\/a designat els hagi de recollir expressament i sempre que tinguin l\u2019autoritzaci\u00f3 que us adjuntem al final signada.<\/p>\n<p><strong>Divendres 26 d\u2019abril de 2019<\/strong><\/p>\n<table width=\"100%\">\n<tbody>\n<tr>\n<td style=\"width: 58.9px;\">9:00<\/td>\n<td style=\"width: 206.183px;\">Xarxes socials<\/td>\n<td style=\"width: 463.917px;\">\u00c9ric Chacon, Kiara \u00c1lvarez, \u00c0lex Salv\u00e0<\/p>\n<p>&nbsp;<\/td>\n<\/tr>\n<tr>\n<td style=\"width: 58.9px;\">9:00<\/td>\n<td style=\"width: 206.183px;\">Maltractament animal<\/td>\n<td style=\"width: 463.917px;\">Ainhoa Rubio, Cl\u00e0udia D\u00edaz, Thalia Ben\u00edtez<\/p>\n<p>&nbsp;<\/td>\n<\/tr>\n<tr>\n<td style=\"width: 58.9px;\">9:30<\/td>\n<td style=\"width: 206.183px;\">Rendiment en l&#8217;esport<\/td>\n<td style=\"width: 463.917px;\">Pol Rosendo, Arnau Virgili, Alan Ru\u00edz<\/p>\n<p>&nbsp;<\/td>\n<\/tr>\n<tr>\n<td style=\"width: 58.9px;\">9:30<\/td>\n<td style=\"width: 206.183px;\">Cultura cl\u00e0ssica<\/td>\n<td style=\"width: 463.917px;\">Christian Torrent, Pau Rovira, \u00c0lex Rodr\u00edguez, Juan G\u00f3mez<\/td>\n<\/tr>\n<tr>\n<td style=\"width: 58.9px;\">10:00<\/td>\n<td style=\"width: 206.183px;\">Qu\u00e8 \u00e9s youtube?<\/td>\n<td style=\"width: 463.917px;\">Alan Mart\u00ednez, Unai Fuentes, Pol S\u00e1nchez, Jan Bori<\/td>\n<\/tr>\n<tr>\n<td style=\"width: 58.9px;\">10:00<\/td>\n<td style=\"width: 206.183px;\">Pir\u00e0mides eg\u00edpcies<\/td>\n<td style=\"width: 463.917px;\">Hicham Jannati, Gibril Rabaneda, Miguel R\u00f3denas<\/p>\n<p>&nbsp;<\/td>\n<\/tr>\n<tr>\n<td style=\"width: 58.9px;\">10:30<\/td>\n<td style=\"width: 206.183px;\">Les pand\u00e8mies<\/td>\n<td style=\"width: 463.917px;\">Adam Sol\u00e9, Pau Su\u00e1rez, Dani Monta\u00f1o, Saad Cheriki<\/td>\n<\/tr>\n<tr>\n<td style=\"width: 58.9px;\">10:30<\/td>\n<td style=\"width: 206.183px;\">La hist\u00f2ria del cinema<\/td>\n<td style=\"width: 463.917px;\">Xavi S\u00e1nchez, Regina Espada, Tom\u00e0s Ca\u00f1adas, Laura Igl\u00e9sias<\/td>\n<\/tr>\n<tr>\n<td style=\"width: 58.9px;\">11:30<\/td>\n<td style=\"width: 206.183px;\">Autom\u00f2bils aut\u00f2noms<\/td>\n<td style=\"width: 463.917px;\">Albert Piquer, Maria Brunner, Xavi Ca\u00f1abate<\/p>\n<p>&nbsp;<\/td>\n<\/tr>\n<tr>\n<td style=\"width: 58.9px;\">11:30<\/td>\n<td style=\"width: 206.183px;\">An\u00e0lisi de la influ\u00e8ncia de les drogues<\/td>\n<td style=\"width: 463.917px;\">Pau Coca, Pau Garriga, Juli\u00e0 Bertran<\/p>\n<p>&nbsp;<\/td>\n<\/tr>\n<tr>\n<td style=\"width: 58.9px;\">12:00<\/td>\n<td style=\"width: 206.183px;\">Estereotips aplicats al col\u00b7lectiu LGBT+<\/td>\n<td style=\"width: 463.917px;\">Vinyet Mercad\u00e9, T\u00e0nia Esteban, Olga Aguilera<\/p>\n<p>&nbsp;<\/td>\n<\/tr>\n<tr>\n<td style=\"width: 58.9px;\">12:00<\/td>\n<td style=\"width: 206.183px;\">Demografia d&#8217;Espanya<\/td>\n<td style=\"width: 463.917px;\">Jes\u00fas Grau, Adri\u00e0 L\u00f3pez, \u00d3scar Berenguer<\/p>\n<p>&nbsp;<\/td>\n<\/tr>\n<tr>\n<td style=\"width: 58.9px;\">12:30<\/td>\n<td style=\"width: 206.183px;\">El racisme i la xenof\u00f2bia<\/td>\n<td style=\"width: 463.917px;\">Kawtar Laamiri, Karima Laamiri, Andrea Mart\u00ednez<\/p>\n<p>Brahim Charkaoui<\/td>\n<\/tr>\n<\/tbody>\n<\/table>\n<p><strong>\u00a0<\/strong><\/p>\n","protected":false},"excerpt":{"rendered":"<p>Els proper 26 d\u2019abril est\u00e0 previst que l\u2019alumnat de 4t d\u2019ESO faci les exposicions dels projectes de recerca. Per aquest motiu, aquest dia es veur\u00e0 alterat el marc horari habitual.<br \/>\nAix\u00ed doncs, el 26 d\u2019abril, els alumnes nom\u00e9s acudiran al centre per fer les esmentades exposicions&hellip;  <a href=\"https:\/\/agora.xtec.cat\/insderodadebara\/general\/horari-exposicions-orals-projectes-de-recerca\/\" title=\"Read Horari exposicions orals projectes de recerca\">Llegeix m\u00e9s\u00bb<\/a><\/p>\n","protected":false},"author":1,"featured_media":0,"comment_status":"closed","ping_status":"closed","sticky":false,"template":"","format":"standard","meta":{"_bbp_topic_count":0,"_bbp_reply_count":0,"_bbp_total_topic_count":0,"_bbp_total_reply_count":0,"_bbp_voice_count":0,"_bbp_anonymous_reply_count":0,"_bbp_topic_count_hidden":0,"_bbp_reply_count_hidden":0,"_bbp_forum_subforum_count":0,"footnotes":""},"categories":[31,3,7,24,25,26,1,29],"tags":[],"class_list":["post-2280","post","type-post","status-publish","format-standard","hentry","category-ampa","category-eso","category-eso-4","category-eso-4a","category-eso-4b","category-eso-4c","category-general","category-portada"],"post_mailing_queue_ids":[],"_links":{"self":[{"href":"https:\/\/agora.xtec.cat\/insderodadebara\/wp-json\/wp\/v2\/posts\/2280","targetHints":{"allow":["GET"]}}],"collection":[{"href":"https:\/\/agora.xtec.cat\/insderodadebara\/wp-json\/wp\/v2\/posts"}],"about":[{"href":"https:\/\/agora.xtec.cat\/insderodadebara\/wp-json\/wp\/v2\/types\/post"}],"author":[{"embeddable":true,"href":"https:\/\/agora.xtec.cat\/insderodadebara\/wp-json\/wp\/v2\/users\/1"}],"replies":[{"embeddable":true,"href":"https:\/\/agora.xtec.cat\/insderodadebara\/wp-json\/wp\/v2\/comments?post=2280"}],"version-history":[{"count":1,"href":"https:\/\/agora.xtec.cat\/insderodadebara\/wp-json\/wp\/v2\/posts\/2280\/revisions"}],"predecessor-version":[{"id":2281,"href":"https:\/\/agora.xtec.cat\/insderodadebara\/wp-json\/wp\/v2\/posts\/2280\/revisions\/2281"}],"wp:attachment":[{"href":"https:\/\/agora.xtec.cat\/insderodadebara\/wp-json\/wp\/v2\/media?parent=2280"}],"wp:term":[{"taxonomy":"category","embeddable":true,"href":"https:\/\/agora.xtec.cat\/insderodadebara\/wp-json\/wp\/v2\/categories?post=2280"},{"taxonomy":"post_tag","embeddable":true,"href":"https:\/\/agora.xtec.cat\/insderodadebara\/wp-json\/wp\/v2\/tags?post=2280"}],"curies":[{"name":"wp","href":"https:\/\/api.w.org\/{rel}","templated":true}]}}