{"id":2266,"date":"2018-11-22T10:48:51","date_gmt":"2018-11-22T09:48:51","guid":{"rendered":"http:\/\/agora.xtec.cat\/insderodadebara\/?p=2266"},"modified":"2018-12-13T16:55:46","modified_gmt":"2018-12-13T15:55:46","slug":"santa-cecilia-2","status":"publish","type":"post","link":"https:\/\/agora.xtec.cat\/insderodadebara\/general\/santa-cecilia-2\/","title":{"rendered":"Santa Cec\u00edlia"},"content":{"rendered":"<p>El 22 de novembre  es celebra la festivitat de Santa Cec\u00edlia, un dia molt especial per a la m\u00fasica i els m\u00fasics. Per aix\u00f2  avui a l&#8217;institut a cada canvi d&#8217;hora sonaran can\u00e7ons dels quatre idiomes que s&#8217;estudien en el nostre institut: castell\u00e0, catal\u00e0, angl\u00e8s i alemany. A m\u00e9s els alumnes de 2n han anat a fer una activitat de m\u00fasica organitzada per l&#8217;escola de M\u00fasica de Roda de Ber\u00e0. <\/p>\n","protected":false},"excerpt":{"rendered":"<p>El 22 de novembre  es celebra la festivitat de Santa Cec\u00edlia, un dia molt especial per a la m\u00fasica i els m\u00fasics. Per aix\u00f2  avui a l&#8217;institut a cada canvi d&#8217;hora sonaran can\u00e7ons dels quatre idiomes que s&#8217;estudien en el nostre institut: castell\u00e0,&hellip;  <a href=\"https:\/\/agora.xtec.cat\/insderodadebara\/general\/santa-cecilia-2\/\" title=\"Read Santa Cec\u00edlia\">Llegeix m\u00e9s\u00bb<\/a><\/p>\n","protected":false},"author":1,"featured_media":0,"comment_status":"closed","ping_status":"closed","sticky":false,"template":"","format":"standard","meta":{"_bbp_topic_count":0,"_bbp_reply_count":0,"_bbp_total_topic_count":0,"_bbp_total_reply_count":0,"_bbp_voice_count":0,"_bbp_anonymous_reply_count":0,"_bbp_topic_count_hidden":0,"_bbp_reply_count_hidden":0,"_bbp_forum_subforum_count":0,"footnotes":""},"categories":[1,29],"tags":[70],"class_list":["post-2266","post","type-post","status-publish","format-standard","hentry","category-general","category-portada","tag-2neso"],"post_mailing_queue_ids":[],"_links":{"self":[{"href":"https:\/\/agora.xtec.cat\/insderodadebara\/wp-json\/wp\/v2\/posts\/2266","targetHints":{"allow":["GET"]}}],"collection":[{"href":"https:\/\/agora.xtec.cat\/insderodadebara\/wp-json\/wp\/v2\/posts"}],"about":[{"href":"https:\/\/agora.xtec.cat\/insderodadebara\/wp-json\/wp\/v2\/types\/post"}],"author":[{"embeddable":true,"href":"https:\/\/agora.xtec.cat\/insderodadebara\/wp-json\/wp\/v2\/users\/1"}],"replies":[{"embeddable":true,"href":"https:\/\/agora.xtec.cat\/insderodadebara\/wp-json\/wp\/v2\/comments?post=2266"}],"version-history":[{"count":3,"href":"https:\/\/agora.xtec.cat\/insderodadebara\/wp-json\/wp\/v2\/posts\/2266\/revisions"}],"predecessor-version":[{"id":2274,"href":"https:\/\/agora.xtec.cat\/insderodadebara\/wp-json\/wp\/v2\/posts\/2266\/revisions\/2274"}],"wp:attachment":[{"href":"https:\/\/agora.xtec.cat\/insderodadebara\/wp-json\/wp\/v2\/media?parent=2266"}],"wp:term":[{"taxonomy":"category","embeddable":true,"href":"https:\/\/agora.xtec.cat\/insderodadebara\/wp-json\/wp\/v2\/categories?post=2266"},{"taxonomy":"post_tag","embeddable":true,"href":"https:\/\/agora.xtec.cat\/insderodadebara\/wp-json\/wp\/v2\/tags?post=2266"}],"curies":[{"name":"wp","href":"https:\/\/api.w.org\/{rel}","templated":true}]}}