{"id":2159,"date":"2018-07-02T11:49:32","date_gmt":"2018-07-02T09:49:32","guid":{"rendered":"http:\/\/agora.xtec.cat\/insderodadebara\/?p=2159"},"modified":"2018-09-03T08:21:05","modified_gmt":"2018-09-03T06:21:05","slug":"calendaria-recuperacio-setembre-i-inici-de-classes","status":"publish","type":"post","link":"https:\/\/agora.xtec.cat\/insderodadebara\/general\/calendaria-recuperacio-setembre-i-inici-de-classes\/","title":{"rendered":"Calendari recuperacions setembre i inici de classes"},"content":{"rendered":"<p>Us informem que les proves extraordin\u00e0ries de setembre es desenvoluparan entre el 3 i el 5 de setembre, d\u2019acord amb el calendari adjunt.<\/p>\n<p><a href=\"http:\/\/agora.xtec.cat\/insderodadebara\/wp-content\/uploads\/usu1145\/2018\/07\/Calendari-recuperacions-setembre-1718_al.doc\">Calendari recuperacions setembre 1718_al<\/a><\/p>\n<p>Les classes s\u2019iniciaran el proper <strong>12 de setembre, a les 10 h, per a 1r d\u2019ESO (el transport pels alumnes de Bonastre gestionat del Consell Comarcal i durant tot el curs \u00e9s de 8:00 a 14:30, doncs estaran atesos al centre de 8:00 a 14:30). La resta de nivells (2n, 3r i 4t d\u2019ESO) ho faran el 13 de setembre, a les 8 h.<\/strong><\/p>\n<p>Per \u00faltim, us recordem que aquells alumnes que han aprovat totes les mat\u00e8ries al juny poden fer les tasques d\u2019estiu volunt\u00e0ries que trobaran al Moodle en el seg\u00fcent enlla\u00e7:<\/p>\n<p><a href=\"http:\/\/agora.xtec.cat\/insderodadebara\/moodle\/course\/view.php?id=382\">http:\/\/agora.xtec.cat\/insderodadebara\/moodle\/course\/view.php?id=382<\/a><\/p>\n","protected":false},"excerpt":{"rendered":"<p>Us informem que les proves extraordin\u00e0ries de setembre es desenvoluparan entre el 3 i el 5 de setembre, d\u2019acord amb el calendari adjunt.<br \/>\n<a href=\"http:\/\/agora.xtec.cat\/insderodadebara\/wp-content\/uploads\/usu1145\/2018\/07\/Calendari-recuperacions-setembre-1718_al.doc\">Calendari recuperacions setembre 1718_al<\/a><br \/>\nLes classes s\u2019iniciaran el proper 12 de setembre, a les 10 h, per a 1r d\u2019ESO (el transport pels&hellip;  <a href=\"https:\/\/agora.xtec.cat\/insderodadebara\/general\/calendaria-recuperacio-setembre-i-inici-de-classes\/\" title=\"Read Calendari recuperacions setembre i inici de classes\">Llegeix m\u00e9s\u00bb<\/a><\/p>\n","protected":false},"author":1,"featured_media":0,"comment_status":"closed","ping_status":"closed","sticky":false,"template":"","format":"standard","meta":{"_bbp_topic_count":0,"_bbp_reply_count":0,"_bbp_total_topic_count":0,"_bbp_total_reply_count":0,"_bbp_voice_count":0,"_bbp_anonymous_reply_count":0,"_bbp_topic_count_hidden":0,"_bbp_reply_count_hidden":0,"_bbp_forum_subforum_count":0,"footnotes":""},"categories":[3,4,9,10,11,5,14,15,16,6,19,20,21,7,24,25,26,1,29],"tags":[],"class_list":["post-2159","post","type-post","status-publish","format-standard","hentry","category-eso","category-eso-1","category-eso-1a","category-eso-1b","category-eso-1c","category-eso-2","category-eso-2a","category-eso-2b","category-eso-2c","category-eso-3","category-eso-3a","category-eso-3b","category-eso-3c","category-eso-4","category-eso-4a","category-eso-4b","category-eso-4c","category-general","category-portada"],"post_mailing_queue_ids":[],"_links":{"self":[{"href":"https:\/\/agora.xtec.cat\/insderodadebara\/wp-json\/wp\/v2\/posts\/2159","targetHints":{"allow":["GET"]}}],"collection":[{"href":"https:\/\/agora.xtec.cat\/insderodadebara\/wp-json\/wp\/v2\/posts"}],"about":[{"href":"https:\/\/agora.xtec.cat\/insderodadebara\/wp-json\/wp\/v2\/types\/post"}],"author":[{"embeddable":true,"href":"https:\/\/agora.xtec.cat\/insderodadebara\/wp-json\/wp\/v2\/users\/1"}],"replies":[{"embeddable":true,"href":"https:\/\/agora.xtec.cat\/insderodadebara\/wp-json\/wp\/v2\/comments?post=2159"}],"version-history":[{"count":2,"href":"https:\/\/agora.xtec.cat\/insderodadebara\/wp-json\/wp\/v2\/posts\/2159\/revisions"}],"predecessor-version":[{"id":2170,"href":"https:\/\/agora.xtec.cat\/insderodadebara\/wp-json\/wp\/v2\/posts\/2159\/revisions\/2170"}],"wp:attachment":[{"href":"https:\/\/agora.xtec.cat\/insderodadebara\/wp-json\/wp\/v2\/media?parent=2159"}],"wp:term":[{"taxonomy":"category","embeddable":true,"href":"https:\/\/agora.xtec.cat\/insderodadebara\/wp-json\/wp\/v2\/categories?post=2159"},{"taxonomy":"post_tag","embeddable":true,"href":"https:\/\/agora.xtec.cat\/insderodadebara\/wp-json\/wp\/v2\/tags?post=2159"}],"curies":[{"name":"wp","href":"https:\/\/api.w.org\/{rel}","templated":true}]}}