{"id":2058,"date":"2018-06-12T16:10:17","date_gmt":"2018-06-12T14:10:17","guid":{"rendered":"http:\/\/agora.xtec.cat\/insderodadebara\/?p=2058"},"modified":"2018-06-12T16:10:17","modified_gmt":"2018-06-12T14:10:17","slug":"barcelona-gotica","status":"publish","type":"post","link":"https:\/\/agora.xtec.cat\/insderodadebara\/general\/barcelona-gotica\/","title":{"rendered":"BARCELONA G\u00d2TICA"},"content":{"rendered":"<p>Els alumnes de 3r van gaudir el passat 15 de maig d&#8217;un dia per la Barcelona g\u00f2tica. Van veure la Catedral, la pla\u00e7a de Sant Jaume, la pla\u00e7a de Sant Felip Neri, la Bas\u00edlia de Santa Maria del Mar, el Fossar de les Moreres i el Jaciment del Born. Despr\u00e9s d&#8217;aquestes visites van anar a dinar al Maremagnum i per acabar van visitar el museu d&#8217;Hist\u00f2ra de Catalunya.<\/p>\n<p>&nbsp;<\/p>\n\n","protected":false},"excerpt":{"rendered":"<p>Els alumnes de 3r van gaudir el passat 15 de maig d&#8217;un dia per la Barcelona g\u00f2tica. Van veure la Catedral, la pla\u00e7a de Sant Jaume, la pla\u00e7a de Sant Felip Neri, la Bas\u00edlia de Santa Maria del Mar, el Fossar de les Moreres i&hellip;  <a href=\"https:\/\/agora.xtec.cat\/insderodadebara\/general\/barcelona-gotica\/\" title=\"Read BARCELONA G\u00d2TICA\">Llegeix m\u00e9s\u00bb<\/a><\/p>\n","protected":false},"author":1,"featured_media":2069,"comment_status":"closed","ping_status":"closed","sticky":false,"template":"","format":"standard","meta":{"_bbp_topic_count":0,"_bbp_reply_count":0,"_bbp_total_topic_count":0,"_bbp_total_reply_count":0,"_bbp_voice_count":0,"_bbp_anonymous_reply_count":0,"_bbp_topic_count_hidden":0,"_bbp_reply_count_hidden":0,"_bbp_forum_subforum_count":0,"footnotes":""},"categories":[1,29],"tags":[],"class_list":["post-2058","post","type-post","status-publish","format-standard","has-post-thumbnail","hentry","category-general","category-portada"],"post_mailing_queue_ids":[],"_links":{"self":[{"href":"https:\/\/agora.xtec.cat\/insderodadebara\/wp-json\/wp\/v2\/posts\/2058","targetHints":{"allow":["GET"]}}],"collection":[{"href":"https:\/\/agora.xtec.cat\/insderodadebara\/wp-json\/wp\/v2\/posts"}],"about":[{"href":"https:\/\/agora.xtec.cat\/insderodadebara\/wp-json\/wp\/v2\/types\/post"}],"author":[{"embeddable":true,"href":"https:\/\/agora.xtec.cat\/insderodadebara\/wp-json\/wp\/v2\/users\/1"}],"replies":[{"embeddable":true,"href":"https:\/\/agora.xtec.cat\/insderodadebara\/wp-json\/wp\/v2\/comments?post=2058"}],"version-history":[{"count":1,"href":"https:\/\/agora.xtec.cat\/insderodadebara\/wp-json\/wp\/v2\/posts\/2058\/revisions"}],"predecessor-version":[{"id":2070,"href":"https:\/\/agora.xtec.cat\/insderodadebara\/wp-json\/wp\/v2\/posts\/2058\/revisions\/2070"}],"wp:featuredmedia":[{"embeddable":true,"href":"https:\/\/agora.xtec.cat\/insderodadebara\/wp-json\/wp\/v2\/media\/2069"}],"wp:attachment":[{"href":"https:\/\/agora.xtec.cat\/insderodadebara\/wp-json\/wp\/v2\/media?parent=2058"}],"wp:term":[{"taxonomy":"category","embeddable":true,"href":"https:\/\/agora.xtec.cat\/insderodadebara\/wp-json\/wp\/v2\/categories?post=2058"},{"taxonomy":"post_tag","embeddable":true,"href":"https:\/\/agora.xtec.cat\/insderodadebara\/wp-json\/wp\/v2\/tags?post=2058"}],"curies":[{"name":"wp","href":"https:\/\/api.w.org\/{rel}","templated":true}]}}