{"id":2049,"date":"2018-06-04T10:57:30","date_gmt":"2018-06-04T08:57:30","guid":{"rendered":"http:\/\/agora.xtec.cat\/insderodadebara\/?p=2049"},"modified":"2018-06-04T10:57:30","modified_gmt":"2018-06-04T08:57:30","slug":"dia-mundial-contra-el-tabaquisme","status":"publish","type":"post","link":"https:\/\/agora.xtec.cat\/insderodadebara\/portada\/dia-mundial-contra-el-tabaquisme\/","title":{"rendered":"DIA MUNDIAL CONTRA EL TABAQUISME"},"content":{"rendered":"<p>El divendres 31 de maig va ser el dia mundial contra el tabaquisme. Els alumnes de 4t ESO a l&#8217;assignatura d&#8217;angl\u00e8s hem estat treballant i discutint sobre tots els perjudicis del tabac en la salut pr\u00f2pia i dels altres, en l&#8217;economia, en relaci\u00f3 al nostre aspecte f\u00edsic, etc. En grups hem creat diverses campanyes per conscienciar a tot el centre del missatge anti-tabac.<\/p>\n","protected":false},"excerpt":{"rendered":"<p>El divendres 31 de maig va ser el dia mundial contra el tabaquisme. Els alumnes de 4t ESO a l&#8217;assignatura d&#8217;angl\u00e8s hem estat treballant i discutint sobre tots els perjudicis del tabac en la salut pr\u00f2pia i dels altres, en l&#8217;economia, en relaci\u00f3 al nostre&hellip;  <a href=\"https:\/\/agora.xtec.cat\/insderodadebara\/portada\/dia-mundial-contra-el-tabaquisme\/\" title=\"Read DIA MUNDIAL CONTRA EL TABAQUISME\">Llegeix m\u00e9s\u00bb<\/a><\/p>\n","protected":false},"author":1,"featured_media":2050,"comment_status":"closed","ping_status":"closed","sticky":false,"template":"","format":"standard","meta":{"_bbp_topic_count":0,"_bbp_reply_count":0,"_bbp_total_topic_count":0,"_bbp_total_reply_count":0,"_bbp_voice_count":0,"_bbp_anonymous_reply_count":0,"_bbp_topic_count_hidden":0,"_bbp_reply_count_hidden":0,"_bbp_forum_subforum_count":0,"footnotes":""},"categories":[29],"tags":[],"class_list":["post-2049","post","type-post","status-publish","format-standard","has-post-thumbnail","hentry","category-portada"],"post_mailing_queue_ids":[],"_links":{"self":[{"href":"https:\/\/agora.xtec.cat\/insderodadebara\/wp-json\/wp\/v2\/posts\/2049","targetHints":{"allow":["GET"]}}],"collection":[{"href":"https:\/\/agora.xtec.cat\/insderodadebara\/wp-json\/wp\/v2\/posts"}],"about":[{"href":"https:\/\/agora.xtec.cat\/insderodadebara\/wp-json\/wp\/v2\/types\/post"}],"author":[{"embeddable":true,"href":"https:\/\/agora.xtec.cat\/insderodadebara\/wp-json\/wp\/v2\/users\/1"}],"replies":[{"embeddable":true,"href":"https:\/\/agora.xtec.cat\/insderodadebara\/wp-json\/wp\/v2\/comments?post=2049"}],"version-history":[{"count":1,"href":"https:\/\/agora.xtec.cat\/insderodadebara\/wp-json\/wp\/v2\/posts\/2049\/revisions"}],"predecessor-version":[{"id":2051,"href":"https:\/\/agora.xtec.cat\/insderodadebara\/wp-json\/wp\/v2\/posts\/2049\/revisions\/2051"}],"wp:featuredmedia":[{"embeddable":true,"href":"https:\/\/agora.xtec.cat\/insderodadebara\/wp-json\/wp\/v2\/media\/2050"}],"wp:attachment":[{"href":"https:\/\/agora.xtec.cat\/insderodadebara\/wp-json\/wp\/v2\/media?parent=2049"}],"wp:term":[{"taxonomy":"category","embeddable":true,"href":"https:\/\/agora.xtec.cat\/insderodadebara\/wp-json\/wp\/v2\/categories?post=2049"},{"taxonomy":"post_tag","embeddable":true,"href":"https:\/\/agora.xtec.cat\/insderodadebara\/wp-json\/wp\/v2\/tags?post=2049"}],"curies":[{"name":"wp","href":"https:\/\/api.w.org\/{rel}","templated":true}]}}