{"id":2035,"date":"2018-05-23T14:07:32","date_gmt":"2018-05-23T12:07:32","guid":{"rendered":"http:\/\/agora.xtec.cat\/insderodadebara\/?p=2035"},"modified":"2018-05-23T14:10:48","modified_gmt":"2018-05-23T12:10:48","slug":"sortida-delta-de-lebre-2","status":"publish","type":"post","link":"https:\/\/agora.xtec.cat\/insderodadebara\/portada\/sortida-delta-de-lebre-2\/","title":{"rendered":"Sortida Delta de l&#8217;Ebre"},"content":{"rendered":"<p><strong>SORTIDA AL DELTA<\/strong><\/p>\n<p>Com cada any, els alumnes de 1r d\u2019ESO visiten el Delta de l\u2019Ebre.<\/p>\n<p>L\u2019objectiu d\u2019aquesta sortida \u00e9s permetre als\u00a0\u00a0\u00a0\u00a0 alumnes con\u00e8ixer com es l\u2019ecosistema del delta, la flora, fauna i cultius t\u00edpics de la zona.<\/p>\n<p>El 18 d\u2019abril, els alumnes de primer van visitar l\u2019Ecomuseu i les llacunes de la Tancada i Encanyissada. A l\u2019ecomuseu una monitora els explic\u00e0 com es va formar el Delta, com se conreava i conrea l\u2019arr\u00f2s. A l\u2019aquari els alumnes van observar algunes de les esp\u00e8cies de peixos, amfibis i r\u00e8ptils m\u00e9s representatius de l\u2019ecosistema. I per acabar, van passejar per petit\u00a0 bosc de ribera situat en l\u2019\u00faltim tram de l\u2019ecomuseu.<\/p>\n<p>Acompanyats de la monitora van fer la visita guiada a les llacunes de l\u2019Encanyissada i la Tancada. On en diferents observatoris d\u2019ocell els alumnes van observar flamencs, collverds, fotges, bernats pescaires&#8230; i la flora m\u00e9s caracter\u00edstica de les llacunes.<\/p>\n","protected":false},"excerpt":{"rendered":"<p>SORTIDA AL DELTA<br \/>\nCom cada any, els alumnes de 1r d\u2019ESO visiten el Delta de l\u2019Ebre.<br \/>\nL\u2019objectiu d\u2019aquesta sortida \u00e9s permetre als\u00a0\u00a0\u00a0\u00a0 alumnes con\u00e8ixer com es l\u2019ecosistema del delta, la flora, fauna i cultius t\u00edpics de la zona.<br \/>\nEl 18 d\u2019abril, els alumnes de primer van visitar l\u2019Ecomuseu&hellip;  <a href=\"https:\/\/agora.xtec.cat\/insderodadebara\/portada\/sortida-delta-de-lebre-2\/\" title=\"Read Sortida Delta de l&#8217;Ebre\">Llegeix m\u00e9s\u00bb<\/a><\/p>\n","protected":false},"author":1,"featured_media":2036,"comment_status":"closed","ping_status":"closed","sticky":false,"template":"","format":"standard","meta":{"_bbp_topic_count":0,"_bbp_reply_count":0,"_bbp_total_topic_count":0,"_bbp_total_reply_count":0,"_bbp_voice_count":0,"_bbp_anonymous_reply_count":0,"_bbp_topic_count_hidden":0,"_bbp_reply_count_hidden":0,"_bbp_forum_subforum_count":0,"footnotes":""},"categories":[29],"tags":[174],"class_list":["post-2035","post","type-post","status-publish","format-standard","has-post-thumbnail","hentry","category-portada","tag-1-eso"],"post_mailing_queue_ids":[],"_links":{"self":[{"href":"https:\/\/agora.xtec.cat\/insderodadebara\/wp-json\/wp\/v2\/posts\/2035","targetHints":{"allow":["GET"]}}],"collection":[{"href":"https:\/\/agora.xtec.cat\/insderodadebara\/wp-json\/wp\/v2\/posts"}],"about":[{"href":"https:\/\/agora.xtec.cat\/insderodadebara\/wp-json\/wp\/v2\/types\/post"}],"author":[{"embeddable":true,"href":"https:\/\/agora.xtec.cat\/insderodadebara\/wp-json\/wp\/v2\/users\/1"}],"replies":[{"embeddable":true,"href":"https:\/\/agora.xtec.cat\/insderodadebara\/wp-json\/wp\/v2\/comments?post=2035"}],"version-history":[{"count":2,"href":"https:\/\/agora.xtec.cat\/insderodadebara\/wp-json\/wp\/v2\/posts\/2035\/revisions"}],"predecessor-version":[{"id":2038,"href":"https:\/\/agora.xtec.cat\/insderodadebara\/wp-json\/wp\/v2\/posts\/2035\/revisions\/2038"}],"wp:featuredmedia":[{"embeddable":true,"href":"https:\/\/agora.xtec.cat\/insderodadebara\/wp-json\/wp\/v2\/media\/2036"}],"wp:attachment":[{"href":"https:\/\/agora.xtec.cat\/insderodadebara\/wp-json\/wp\/v2\/media?parent=2035"}],"wp:term":[{"taxonomy":"category","embeddable":true,"href":"https:\/\/agora.xtec.cat\/insderodadebara\/wp-json\/wp\/v2\/categories?post=2035"},{"taxonomy":"post_tag","embeddable":true,"href":"https:\/\/agora.xtec.cat\/insderodadebara\/wp-json\/wp\/v2\/tags?post=2035"}],"curies":[{"name":"wp","href":"https:\/\/api.w.org\/{rel}","templated":true}]}}