{"id":2027,"date":"2018-04-19T22:08:45","date_gmt":"2018-04-19T20:08:45","guid":{"rendered":"http:\/\/agora.xtec.cat\/insderodadebara\/?p=2027"},"modified":"2018-04-19T22:08:45","modified_gmt":"2018-04-19T20:08:45","slug":"horari-exposicions-projectes-de-recerca","status":"publish","type":"post","link":"https:\/\/agora.xtec.cat\/insderodadebara\/general\/horari-exposicions-projectes-de-recerca\/","title":{"rendered":"Horari exposicions projectes de recerca"},"content":{"rendered":"<p>Els propers 27 d\u2019abril i 3 de maig est\u00e0 previst que l\u2019alumnat de 4t d\u2019ESO faci les exposicions dels treballs de recerca que han estat elaborant al llarg del curs. Per aquest motiu, el dia 3 de maig es veur\u00e0 alterat el marc horari habitual.<\/p>\n<p>Aix\u00ed doncs, el 3 de maig els alumnes nom\u00e9s acudiran al centre per fer les esmentades exposicions d\u2019acord amb l\u2019horari que es recull a continuaci\u00f3 (hauran de ser al centre 15 min abans de l\u2019hora fixada per a la seva presentaci\u00f3). Un cop feta l\u2019exposici\u00f3, podran sortir del centre sense que el tutor\/a designat els hagi de recollir expressament i sempre que tinguin l\u2019autoritzaci\u00f3 signada.<\/p>\n<p><strong>Dijous 27 d\u2019abril<\/strong><\/p>\n<table>\n<tbody>\n<tr>\n<td width=\"86\"><strong>HORA <\/strong><\/td>\n<td width=\"91\"><strong>AULA<\/strong><\/td>\n<td width=\"293\"><strong>TRIBUNAL<\/strong><\/td>\n<td width=\"227\"><strong>TREBALL <\/strong><\/td>\n<td width=\"251\"><strong>ALUMNAT<\/strong><\/td>\n<\/tr>\n<tr>\n<td width=\"86\">9.00-9.30<\/td>\n<td width=\"91\">3rB<\/td>\n<td width=\"293\">Anna Raga, Carles Ribau i Estela Sim\u00f3<\/td>\n<td width=\"227\">Estad\u00edstica. Els h\u00e0bits dels alumnes.<\/td>\n<td width=\"251\">Joel Citores, Oriol Citores i Joel L\u00f3pez<\/td>\n<\/tr>\n<tr>\n<td width=\"86\">11.30-12.00<\/td>\n<td width=\"91\">3rA<\/td>\n<td width=\"293\">Carme Pons, \u00c0ngels Anto\u00f1anzas, \u00c0lex Frias<\/td>\n<td width=\"227\">Feminisme-Comunisme<\/td>\n<td width=\"251\">Paula S\u00e1nchez, Pol Mestre i Chantal Garcia<\/td>\n<\/tr>\n<tr>\n<td width=\"86\">12.00-12.30<\/td>\n<td width=\"91\">3r A<\/td>\n<td width=\"293\">Lucila Manrique, Lurdes Navarrete i Miquel \u00c0ngel Merig\u00f3<\/td>\n<td width=\"227\">I despr\u00e8s de l\u2019ESO qu\u00e8? Possibles itineraris formatius i prefer\u00e8ncies de l\u2019alumnat de l\u2019institut<\/td>\n<td width=\"251\">Dani Garcia, Mariona Fern\u00e1ndez i Celia Mart\u00ednez<\/td>\n<\/tr>\n<tr>\n<td width=\"86\">12.30-13.00<\/td>\n<td width=\"91\">4t D<\/td>\n<td width=\"293\">Jordi Compte, Gemma Santab\u00e0rbara i M\u00edriam Rosich<\/td>\n<td width=\"227\">El dia mundial de&#8230;<\/td>\n<td width=\"251\">Lucia Soldado, Sonia Rodr\u00edguez i N\u00faria Pozo<\/td>\n<\/tr>\n<\/tbody>\n<\/table>\n<p><strong>\u00a0<\/strong><\/p>\n<p><strong>Dijous 3 de maig (dia d\u2019horari especial)<\/strong><\/p>\n<table>\n<tbody>\n<tr>\n<td width=\"67\"><strong>FRANJA<\/strong><\/td>\n<td width=\"54\"><strong>HORA <\/strong><\/td>\n<td width=\"51\"><strong>AULA<\/strong><\/td>\n<td width=\"121\"><strong>TRIBUNAL<\/strong><\/td>\n<td width=\"163\"><strong>TREBALL <\/strong><\/td>\n<td width=\"125\"><strong>ALUMNAT<\/strong><\/td>\n<\/tr>\n<tr>\n<td rowspan=\"2\" width=\"67\">&nbsp;<\/p>\n<p>&nbsp;<\/p>\n<p>1a<\/td>\n<td width=\"54\">8.00-8.30<\/td>\n<td width=\"51\">4t C<\/td>\n<td width=\"121\"><strong>Jordi Piquer<\/strong>, Jose Lu\u00eds Fuentes, Carles Ribau<\/td>\n<td width=\"163\">Impressi\u00f3 3D:\u00a0 Recerca dels sistemes d\u2019impressi\u00f3 en 3D. Impressi\u00f3 d\u2019objectes aplicant el proc\u00e9s tecnol\u00f2gic.<\/td>\n<td width=\"125\">Alfonso P\u00e9rez, David de Ramon i Marc Rodrigo<\/td>\n<\/tr>\n<tr>\n<td width=\"54\">8.30-9.00<\/td>\n<td width=\"51\">4t C<\/td>\n<td width=\"121\"><strong>Jose Lu\u00eds Fuentes, <\/strong>Jordi Piquer i Alexandra Escriv\u00e0<\/td>\n<td width=\"163\">La funci\u00f3n reposo (stand by) en los televisores\u00a0 y la contaminaci\u00f3n.<\/td>\n<td width=\"125\">Ivan Garcia, Tom\u00e0s Ca\u00f1adas i Asier Coch<\/td>\n<\/tr>\n<tr>\n<td rowspan=\"4\" width=\"67\">3a<\/p>\n<p>&nbsp;<\/p>\n<p>&nbsp;<\/p>\n<p>3a<\/p>\n<p>&nbsp;<\/p>\n<p>&nbsp;<\/td>\n<td width=\"54\">10.00-10.30<\/td>\n<td width=\"51\">4t C<\/td>\n<td width=\"121\"><strong>Ximo Barroso<\/strong>, Eva Garcia i Helena Albaladejo<\/td>\n<td width=\"163\">British Culture vs. American Culture<\/td>\n<td width=\"125\">Chaima El Kaich, Katherin Marin, Juan G\u00f3mez i Xavi Izquierdo<\/td>\n<\/tr>\n<tr>\n<td width=\"54\">10.00-10.30<\/td>\n<td width=\"51\">4t D<\/td>\n<td width=\"121\"><strong>\u00c0lex Frias<\/strong>, Estela Sim\u00f3 i Gemma Santab\u00e0rbara<\/td>\n<td width=\"163\">La mediaci\u00f3 com a eina de conviv\u00e8ncia al centre<\/td>\n<td width=\"125\">Laia Hern\u00e0ndez, Mikel Quesada i Judith Ejarque<\/td>\n<\/tr>\n<tr>\n<td width=\"54\">10.30-11.00<\/td>\n<td width=\"51\">4t C<\/td>\n<td width=\"121\"><strong>Josep Gisbert<\/strong>, <strong>Ximo Barroso<\/strong>, Joan Sanchis<\/td>\n<td width=\"163\">Sigues emprenedor i crea el teu propi pla d\u2019empresa.<\/td>\n<td width=\"125\">Mohamed Majdoub i Abderrazzak Mchicha<\/td>\n<\/tr>\n<tr>\n<td width=\"54\">10.30-11.00<\/td>\n<td width=\"51\">4t D<\/td>\n<td width=\"121\"><strong>Gemma Santab\u00e0rbara<\/strong>,\u00a0 Lourdes Navarrete, Sever\u00ed Vila<\/td>\n<td width=\"163\">El bullying als instituts<\/td>\n<td width=\"125\">Joana Fern\u00e0ndez, Laura Iglesias i \u00cdria Ranchal<\/td>\n<\/tr>\n<tr>\n<td rowspan=\"3\" width=\"67\">&nbsp;<\/p>\n<p>4a<\/p>\n<p>&nbsp;<\/td>\n<td width=\"54\">11.30-12.00<\/td>\n<td width=\"51\">4t C<\/td>\n<td width=\"121\"><strong>Carles Ribau<\/strong>, Anna Raga i Fernando Mateo<\/td>\n<td width=\"163\">Com utilitzen les matem\u00e0tiques els mitjans de comunicaci\u00f3<\/td>\n<td width=\"125\">Andrea Carreira, Maria Sans i Chiara P\u00e9rez<\/td>\n<\/tr>\n<tr>\n<td width=\"54\">11.30-12.00<\/td>\n<td width=\"51\">4t D<\/td>\n<td width=\"121\"><strong>Eva Garcia, \u00c0ngels Anto\u00f1anzas i Lucila Manrique<\/strong><\/td>\n<td width=\"163\">Lact\u00e0ncia<\/td>\n<td width=\"125\">Magda Mart\u00ednez, Paula Fern\u00e1ndezi J\u00falia Cidoncha<\/td>\n<\/tr>\n<tr>\n<td width=\"54\">12.00-12.30<\/td>\n<td width=\"51\">4t D<\/td>\n<td width=\"121\"><strong>Fernando Mateo<\/strong>, Cristina Exp\u00f3sito i Albert Valldosera<\/td>\n<td width=\"163\">An\u00e1lisis de las canciones de hip-hop y rap. Historia y comparativa.<\/td>\n<td width=\"125\">Iker Mota, Alexis Gordillo i Ra\u00fal Negro<\/td>\n<\/tr>\n<tr>\n<td rowspan=\"2\" width=\"67\">&nbsp;<\/p>\n<p>&nbsp;<\/p>\n<p>5a<\/p>\n<p>&nbsp;<\/td>\n<td width=\"54\">12.30-13.00<\/td>\n<td width=\"51\">4t C<\/td>\n<td width=\"121\"><strong>\u00c0ngels Anto\u00f1anzas<\/strong>, Carme Pons i Miquel \u00c0ngel Merig\u00f3<\/td>\n<td width=\"163\">Lebensborn (Font de vida)<\/td>\n<td width=\"125\">Aaron Ar\u00e9valo<\/td>\n<\/tr>\n<tr>\n<td width=\"54\">12.30-13.00<\/td>\n<td width=\"51\">4t D<\/td>\n<td width=\"121\"><strong>M\u00edriam Rosich,<\/strong> Josep Maria Fortuny, Anna Raga<\/td>\n<td width=\"163\">Els noms de casa de Roda<\/td>\n<td width=\"125\">Marina Delgado, Ainhoa Garcia i Pablo Cros<\/td>\n<\/tr>\n<tr>\n<td width=\"67\">6a<\/td>\n<td width=\"54\">13.30-14.00<\/td>\n<td width=\"51\">4t C<\/td>\n<td width=\"121\"><strong>Lourdes Navarrete, <\/strong>Josep Gisbert i \u00c0lex Frias<\/td>\n<td width=\"163\">Els m\u00f2bils a la nostra vida<\/td>\n<td width=\"125\">Ariadna Roca, Judith Porras i Naima el Yaakoubi<\/td>\n<\/tr>\n<\/tbody>\n<\/table>\n<p><strong>\u00a0<\/strong><\/p>\n","protected":false},"excerpt":{"rendered":"<p>Els propers 27 d\u2019abril i 3 de maig est\u00e0 previst que l\u2019alumnat de 4t d\u2019ESO faci les exposicions dels treballs de recerca que han estat elaborant al llarg del curs. Per aquest motiu, el dia 3 de maig es veur\u00e0 alterat el marc horari habitual.<br \/>\nAix\u00ed&hellip;  <a href=\"https:\/\/agora.xtec.cat\/insderodadebara\/general\/horari-exposicions-projectes-de-recerca\/\" title=\"Read Horari exposicions projectes de recerca\">Llegeix m\u00e9s\u00bb<\/a><\/p>\n","protected":false},"author":1,"featured_media":0,"comment_status":"closed","ping_status":"closed","sticky":false,"template":"","format":"standard","meta":{"_bbp_topic_count":0,"_bbp_reply_count":0,"_bbp_total_topic_count":0,"_bbp_total_reply_count":0,"_bbp_voice_count":0,"_bbp_anonymous_reply_count":0,"_bbp_topic_count_hidden":0,"_bbp_reply_count_hidden":0,"_bbp_forum_subforum_count":0,"footnotes":""},"categories":[3,7,24,25,26,1,29],"tags":[],"class_list":["post-2027","post","type-post","status-publish","format-standard","hentry","category-eso","category-eso-4","category-eso-4a","category-eso-4b","category-eso-4c","category-general","category-portada"],"post_mailing_queue_ids":[],"_links":{"self":[{"href":"https:\/\/agora.xtec.cat\/insderodadebara\/wp-json\/wp\/v2\/posts\/2027","targetHints":{"allow":["GET"]}}],"collection":[{"href":"https:\/\/agora.xtec.cat\/insderodadebara\/wp-json\/wp\/v2\/posts"}],"about":[{"href":"https:\/\/agora.xtec.cat\/insderodadebara\/wp-json\/wp\/v2\/types\/post"}],"author":[{"embeddable":true,"href":"https:\/\/agora.xtec.cat\/insderodadebara\/wp-json\/wp\/v2\/users\/1"}],"replies":[{"embeddable":true,"href":"https:\/\/agora.xtec.cat\/insderodadebara\/wp-json\/wp\/v2\/comments?post=2027"}],"version-history":[{"count":1,"href":"https:\/\/agora.xtec.cat\/insderodadebara\/wp-json\/wp\/v2\/posts\/2027\/revisions"}],"predecessor-version":[{"id":2028,"href":"https:\/\/agora.xtec.cat\/insderodadebara\/wp-json\/wp\/v2\/posts\/2027\/revisions\/2028"}],"wp:attachment":[{"href":"https:\/\/agora.xtec.cat\/insderodadebara\/wp-json\/wp\/v2\/media?parent=2027"}],"wp:term":[{"taxonomy":"category","embeddable":true,"href":"https:\/\/agora.xtec.cat\/insderodadebara\/wp-json\/wp\/v2\/categories?post=2027"},{"taxonomy":"post_tag","embeddable":true,"href":"https:\/\/agora.xtec.cat\/insderodadebara\/wp-json\/wp\/v2\/tags?post=2027"}],"curies":[{"name":"wp","href":"https:\/\/api.w.org\/{rel}","templated":true}]}}