{"id":2015,"date":"2018-04-11T10:32:28","date_gmt":"2018-04-11T08:32:28","guid":{"rendered":"http:\/\/agora.xtec.cat\/insderodadebara\/?p=2015"},"modified":"2018-04-11T10:33:31","modified_gmt":"2018-04-11T08:33:31","slug":"tarragona-romana","status":"publish","type":"post","link":"https:\/\/agora.xtec.cat\/insderodadebara\/portada\/tarragona-romana\/","title":{"rendered":"TARRAGONA ROMANA"},"content":{"rendered":"<p class=\"m_-2776928948541757988m_-4247151384821957819gmail-western\" align=\"justify\"><span style=\"font-size: small;\"><i><span style=\"font-family: tahoma, sans-serif;\">El passat dia 9 d&#8217;abril, els i les alumnes de primer de l&#8217;ESO vam visitar la Tarragona Romana. La sortida va consistir en rec\u00f3rrer els carrers i carrerons de la part alta de la ciutat, on en \u00e8poca dels romans hi havia el circ, el f\u00f2rum provincial i el temple d&#8217;August. Els professors i les professores ens anaven guiant per on hav\u00edem de passar i, per grups, respon\u00edem a unes preguntes d&#8217;un dossier. Vam poder observar com n&#8217;eren de grans aquests espais! Tamb\u00e9, com en l&#8217;\u00e8poca medieval molts dels edificis van canviar la seva funci\u00f3 i molts dels espais del f\u00f2rum ocupats per cases. Vam acabar l&#8217;excursi\u00f3 veient l&#8217;amfiteatre, on els gladiadors lluitaven per guanyar-se la fama, \u00e8xits i reputaci\u00f3. Va ser un dia en qu\u00e8 vam riure i vam aprendre. Ah! I ens vam fer moltes fotos!<\/span><\/i><\/span><\/p>\n<p class=\"m_-2776928948541757988m_-4247151384821957819gmail-western\" align=\"justify\"><span style=\"font-size: small;\"><i><span style=\"font-family: tahoma, sans-serif;\">Alumnes de 1<sup>r<\/sup>A, 1<sup>r<\/sup>B, 1<sup>r<\/sup>C i 1<sup>r<\/sup>D.<\/span><\/i><\/span><\/p>\n<p class=\"m_-2776928948541757988m_-4247151384821957819gmail-western\" align=\"justify\"><\/p>\n<p class=\"m_-2776928948541757988m_-4247151384821957819gmail-western\" align=\"justify\">\n","protected":false},"excerpt":{"rendered":"<p>El passat dia 9 d&#8217;abril, els i les alumnes de primer de l&#8217;ESO vam visitar la Tarragona Romana. La sortida va consistir en rec\u00f3rrer els carrers i carrerons de la part alta de la ciutat, on en \u00e8poca dels romans hi havia el circ, el&hellip;  <a href=\"https:\/\/agora.xtec.cat\/insderodadebara\/portada\/tarragona-romana\/\" title=\"Read TARRAGONA ROMANA\">Llegeix m\u00e9s\u00bb<\/a><\/p>\n","protected":false},"author":1,"featured_media":2016,"comment_status":"closed","ping_status":"closed","sticky":false,"template":"","format":"standard","meta":{"_bbp_topic_count":0,"_bbp_reply_count":0,"_bbp_total_topic_count":0,"_bbp_total_reply_count":0,"_bbp_voice_count":0,"_bbp_anonymous_reply_count":0,"_bbp_topic_count_hidden":0,"_bbp_reply_count_hidden":0,"_bbp_forum_subforum_count":0,"footnotes":""},"categories":[29],"tags":[],"class_list":["post-2015","post","type-post","status-publish","format-standard","has-post-thumbnail","hentry","category-portada"],"post_mailing_queue_ids":[],"_links":{"self":[{"href":"https:\/\/agora.xtec.cat\/insderodadebara\/wp-json\/wp\/v2\/posts\/2015","targetHints":{"allow":["GET"]}}],"collection":[{"href":"https:\/\/agora.xtec.cat\/insderodadebara\/wp-json\/wp\/v2\/posts"}],"about":[{"href":"https:\/\/agora.xtec.cat\/insderodadebara\/wp-json\/wp\/v2\/types\/post"}],"author":[{"embeddable":true,"href":"https:\/\/agora.xtec.cat\/insderodadebara\/wp-json\/wp\/v2\/users\/1"}],"replies":[{"embeddable":true,"href":"https:\/\/agora.xtec.cat\/insderodadebara\/wp-json\/wp\/v2\/comments?post=2015"}],"version-history":[{"count":2,"href":"https:\/\/agora.xtec.cat\/insderodadebara\/wp-json\/wp\/v2\/posts\/2015\/revisions"}],"predecessor-version":[{"id":2026,"href":"https:\/\/agora.xtec.cat\/insderodadebara\/wp-json\/wp\/v2\/posts\/2015\/revisions\/2026"}],"wp:featuredmedia":[{"embeddable":true,"href":"https:\/\/agora.xtec.cat\/insderodadebara\/wp-json\/wp\/v2\/media\/2016"}],"wp:attachment":[{"href":"https:\/\/agora.xtec.cat\/insderodadebara\/wp-json\/wp\/v2\/media?parent=2015"}],"wp:term":[{"taxonomy":"category","embeddable":true,"href":"https:\/\/agora.xtec.cat\/insderodadebara\/wp-json\/wp\/v2\/categories?post=2015"},{"taxonomy":"post_tag","embeddable":true,"href":"https:\/\/agora.xtec.cat\/insderodadebara\/wp-json\/wp\/v2\/tags?post=2015"}],"curies":[{"name":"wp","href":"https:\/\/api.w.org\/{rel}","templated":true}]}}