{"id":1948,"date":"2017-11-23T22:31:51","date_gmt":"2017-11-23T21:31:51","guid":{"rendered":"http:\/\/agora.xtec.cat\/insderodadebara\/?p=1948"},"modified":"2017-11-23T22:40:38","modified_gmt":"2017-11-23T21:40:38","slug":"linstitut-ja-te-la-segona-aula-dinformatica","status":"publish","type":"post","link":"https:\/\/agora.xtec.cat\/insderodadebara\/general\/linstitut-ja-te-la-segona-aula-dinformatica\/","title":{"rendered":"L\u2019Institut ja t\u00e9 la segona aula d\u2019inform\u00e0tica"},"content":{"rendered":"<p>Des d\u2019aquest curs 2017-2018, l\u2019Institut de Roda de Ber\u00e0 compta amb una \u00a0nova aula d\u2019inform\u00e0tica dotada amb 11 ordinadors, connexi\u00f3 a Internet i el mobiliari necessari per fer c\u00f2mode i funcional aquest espai.<\/p>\n<p>Aquesta aula complementa la que ja existia al centre, amb 17 ordinadors, i amplia les possibilitats que fins ara tenien els nostres alumnes d\u2019accedir a les noves tecnologies. A banda, aquesta segona aula d\u2019inform\u00e0tica permetr\u00e0 oferir un servei addicional, durant els 30 min d\u2019esbarjo, \u00a0per tal que l\u2019alumnat pugui dur a terme treballs que requereixen l\u2019\u00fas de l\u2019ordinador i connexi\u00f3 a Internet.<\/p>\n<p>Aquest equipament \u00a0ha estat possible gr\u00e0cies a la subvenci\u00f3 que l&#8217;Ajuntament de Roda de Ber\u00e0, en virtut del Decret d\u2019Alcaldia n\u00fam. 2017-1891,\u00a0 ha concedit a l&#8217;Associaci\u00f3 de Pares i Mares de l&#8217;Institut de Roda de Ber\u00e0 en data 25 de setembre de 2017. El pressupost total del projecte ha estat de 3526 \u20ac i la subvenci\u00f3 ha cobert el 97,8 % del cost total (3449 \u20ac).<a href=\"http:\/\/agora.xtec.cat\/insderodadebara\/wp-content\/uploads\/usu1145\/2017\/11\/IMG_4227.jpg\"><img loading=\"lazy\" decoding=\"async\" class=\"alignnone size-large wp-image-1949\" src=\"http:\/\/agora.xtec.cat\/insderodadebara\/wp-content\/uploads\/usu1145\/2017\/11\/IMG_4227-1024x683.jpg\" alt=\"\" width=\"1024\" height=\"683\" \/><\/a><\/p>\n<p><span style=\"border-radius: 2px; text-indent: 20px; width: auto; padding: 0px 4px 0px 0px; text-align: center; font: bold 11px\/20px 'Helvetica Neue',Helvetica,sans-serif; color: #ffffff; background: #bd081c no-repeat scroll 3px 50% \/ 14px 14px; position: absolute; opacity: 1; z-index: 8675309; display: none; cursor: pointer;\">Save<\/span><\/p>\n<p><span style=\"border-radius: 2px; text-indent: 20px; width: auto; padding: 0px 4px 0px 0px; text-align: center; font: bold 11px\/20px 'Helvetica Neue',Helvetica,sans-serif; color: #ffffff; background: #bd081c no-repeat scroll 3px 50% \/ 14px 14px; position: absolute; opacity: 1; z-index: 8675309; display: none; cursor: pointer;\">Save<\/span><\/p>\n<p><span style=\"border-radius: 2px; text-indent: 20px; width: auto; padding: 0px 4px 0px 0px; text-align: center; font: bold 11px\/20px 'Helvetica Neue',Helvetica,sans-serif; color: #ffffff; background: #bd081c no-repeat scroll 3px 50% \/ 14px 14px; position: absolute; opacity: 1; z-index: 8675309; display: none; cursor: pointer;\">Save<\/span><\/p>\n<p><span style=\"border-radius: 2px; text-indent: 20px; width: auto; padding: 0px 4px 0px 0px; text-align: center; font: bold 11px\/20px 'Helvetica Neue',Helvetica,sans-serif; color: #ffffff; background: #bd081c  no-repeat scroll 3px 50% \/ 14px 14px; position: absolute; opacity: 1; z-index: 8675309; display: none; cursor: pointer;\">Save<\/span><\/p>\n","protected":false},"excerpt":{"rendered":"<p>Des d\u2019aquest curs 2017-2018, l\u2019Institut de Roda de Ber\u00e0 compta amb una \u00a0nova aula d\u2019inform\u00e0tica dotada amb 11 ordinadors, connexi\u00f3 a Internet i el mobiliari necessari per fer c\u00f2mode i funcional aquest espai.<br \/>\nAquesta aula complementa la que ja existia al centre, amb 17 ordinadors, i&hellip;  <a href=\"https:\/\/agora.xtec.cat\/insderodadebara\/general\/linstitut-ja-te-la-segona-aula-dinformatica\/\" title=\"Read L\u2019Institut ja t\u00e9 la segona aula d\u2019inform\u00e0tica\">Llegeix m\u00e9s\u00bb<\/a><\/p>\n","protected":false},"author":4,"featured_media":1949,"comment_status":"closed","ping_status":"closed","sticky":false,"template":"","format":"standard","meta":{"_bbp_topic_count":0,"_bbp_reply_count":0,"_bbp_total_topic_count":0,"_bbp_total_reply_count":0,"_bbp_voice_count":0,"_bbp_anonymous_reply_count":0,"_bbp_topic_count_hidden":0,"_bbp_reply_count_hidden":0,"_bbp_forum_subforum_count":0,"footnotes":""},"categories":[31,1,29],"tags":[],"class_list":["post-1948","post","type-post","status-publish","format-standard","has-post-thumbnail","hentry","category-ampa","category-general","category-portada"],"post_mailing_queue_ids":[],"_links":{"self":[{"href":"https:\/\/agora.xtec.cat\/insderodadebara\/wp-json\/wp\/v2\/posts\/1948","targetHints":{"allow":["GET"]}}],"collection":[{"href":"https:\/\/agora.xtec.cat\/insderodadebara\/wp-json\/wp\/v2\/posts"}],"about":[{"href":"https:\/\/agora.xtec.cat\/insderodadebara\/wp-json\/wp\/v2\/types\/post"}],"author":[{"embeddable":true,"href":"https:\/\/agora.xtec.cat\/insderodadebara\/wp-json\/wp\/v2\/users\/4"}],"replies":[{"embeddable":true,"href":"https:\/\/agora.xtec.cat\/insderodadebara\/wp-json\/wp\/v2\/comments?post=1948"}],"version-history":[{"count":3,"href":"https:\/\/agora.xtec.cat\/insderodadebara\/wp-json\/wp\/v2\/posts\/1948\/revisions"}],"predecessor-version":[{"id":1954,"href":"https:\/\/agora.xtec.cat\/insderodadebara\/wp-json\/wp\/v2\/posts\/1948\/revisions\/1954"}],"wp:featuredmedia":[{"embeddable":true,"href":"https:\/\/agora.xtec.cat\/insderodadebara\/wp-json\/wp\/v2\/media\/1949"}],"wp:attachment":[{"href":"https:\/\/agora.xtec.cat\/insderodadebara\/wp-json\/wp\/v2\/media?parent=1948"}],"wp:term":[{"taxonomy":"category","embeddable":true,"href":"https:\/\/agora.xtec.cat\/insderodadebara\/wp-json\/wp\/v2\/categories?post=1948"},{"taxonomy":"post_tag","embeddable":true,"href":"https:\/\/agora.xtec.cat\/insderodadebara\/wp-json\/wp\/v2\/tags?post=1948"}],"curies":[{"name":"wp","href":"https:\/\/api.w.org\/{rel}","templated":true}]}}