{"id":1887,"date":"2017-11-10T10:14:02","date_gmt":"2017-11-10T09:14:02","guid":{"rendered":"http:\/\/agora.xtec.cat\/insderodadebara\/?p=1887"},"modified":"2017-11-10T10:15:38","modified_gmt":"2017-11-10T09:15:38","slug":"intercanvi-amb-bruchsal-alemanya","status":"publish","type":"post","link":"https:\/\/agora.xtec.cat\/insderodadebara\/general\/intercanvi-amb-bruchsal-alemanya\/","title":{"rendered":"Intercanvi amb Bruchsal (Alemanya)"},"content":{"rendered":"<p>Aquest any, del 8 al 15 de novembre, participem amb l&#8217;alumnat de 4t en un intercanvi amb l\u2019institut de Sch\u00f6nborn in Bruchsal (Alemanya), juntament amb l&#8217;<a class=\"profileLink\" href=\"https:\/\/www.facebook.com\/institutponsdicart\/?fref=mentions\" data-hovercard=\"\/ajax\/hovercard\/page.php?id=1417758161808463&amp;extragetparams=%7B%22fref%22%3A%22mentions%22%7D\" data-hovercard-prefer-more-content-show=\"1\">Institut Pons d&#8217;Icart<\/a>. El seminari organitzador \u00e9s el d&#8217;Alemany (gr\u00e0cies \u00c0ngels Anto\u00f1anzas).<\/p>\n<p>Aix\u00ed que aquests dies conviurem amb l&#8217;alumnat alemany. Els farem activitats, assistiran a classes, els portarem a visitar els indrets m\u00e9s emblem\u00e0tics del nostre municipi&#8230;<\/p>\n<p>Des de dimecres que ja tenim els alemanys de Bruchsal d&#8217;intercanvi per les nostres terres.<\/p>\n<p>Ahir, dijous 9, a primera hora van estar al centre i van fer classes amb els companys. Despr\u00e9s van visitar el nostre poble, els llocs emblem\u00e0tics, l&#8217;Ajuntament de Roda on els van fer una petita recepci\u00f3. I van acabar la ruta a la torre del Cucurull.<\/p>\n<div class=\"text_exposed_show\">\n<p>Va ser una primera presa de contacte molt enriquidora i interessant.<\/p>\n<p><a href=\"http:\/\/agora.xtec.cat\/insderodadebara\/wp-content\/uploads\/usu1145\/2017\/11\/IMG_20171110_095359.jpg\"><img loading=\"lazy\" decoding=\"async\" class=\"aligncenter wp-image-1888\" src=\"http:\/\/agora.xtec.cat\/insderodadebara\/wp-content\/uploads\/usu1145\/2017\/11\/IMG_20171110_095359-300x225.jpg\" alt=\"\" width=\"368\" height=\"276\" srcset=\"https:\/\/agora.xtec.cat\/insderodadebara\/wp-content\/uploads\/usu1145\/2017\/11\/IMG_20171110_095359-300x225.jpg 300w, https:\/\/agora.xtec.cat\/insderodadebara\/wp-content\/uploads\/usu1145\/2017\/11\/IMG_20171110_095359-768x576.jpg 768w, https:\/\/agora.xtec.cat\/insderodadebara\/wp-content\/uploads\/usu1145\/2017\/11\/IMG_20171110_095359-1024x768.jpg 1024w, https:\/\/agora.xtec.cat\/insderodadebara\/wp-content\/uploads\/usu1145\/2017\/11\/IMG_20171110_095359-200x150.jpg 200w, https:\/\/agora.xtec.cat\/insderodadebara\/wp-content\/uploads\/usu1145\/2017\/11\/IMG_20171110_095359.jpg 1200w\" sizes=\"auto, (max-width: 368px) 100vw, 368px\" \/><\/a><\/p>\n<p><a href=\"http:\/\/agora.xtec.cat\/insderodadebara\/wp-content\/uploads\/usu1145\/2017\/11\/IMG_20171110_095336.jpg\"><img loading=\"lazy\" decoding=\"async\" class=\"aligncenter wp-image-1889\" src=\"http:\/\/agora.xtec.cat\/insderodadebara\/wp-content\/uploads\/usu1145\/2017\/11\/IMG_20171110_095336-300x169.jpg\" alt=\"\" width=\"366\" height=\"206\" srcset=\"https:\/\/agora.xtec.cat\/insderodadebara\/wp-content\/uploads\/usu1145\/2017\/11\/IMG_20171110_095336-300x169.jpg 300w, https:\/\/agora.xtec.cat\/insderodadebara\/wp-content\/uploads\/usu1145\/2017\/11\/IMG_20171110_095336-768x432.jpg 768w, https:\/\/agora.xtec.cat\/insderodadebara\/wp-content\/uploads\/usu1145\/2017\/11\/IMG_20171110_095336-1024x576.jpg 1024w, https:\/\/agora.xtec.cat\/insderodadebara\/wp-content\/uploads\/usu1145\/2017\/11\/IMG_20171110_095336.jpg 1200w\" sizes=\"auto, (max-width: 366px) 100vw, 366px\" \/><\/a><\/p>\n<\/div>\n","protected":false},"excerpt":{"rendered":"<p>Aquest any, del 8 al 15 de novembre, participem amb l&#8217;alumnat de 4t en un intercanvi amb l\u2019institut de Sch\u00f6nborn in Bruchsal (Alemanya), juntament amb l&#8217;Institut Pons d&#8217;Icart. El seminari organitzador \u00e9s el d&#8217;Alemany (gr\u00e0cies \u00c0ngels Anto\u00f1anzas).&hellip;  <a href=\"https:\/\/agora.xtec.cat\/insderodadebara\/general\/intercanvi-amb-bruchsal-alemanya\/\" title=\"Read Intercanvi amb Bruchsal (Alemanya)\">Llegeix m\u00e9s\u00bb<\/a><\/p>\n","protected":false},"author":1,"featured_media":1888,"comment_status":"closed","ping_status":"closed","sticky":false,"template":"","format":"standard","meta":{"_bbp_topic_count":0,"_bbp_reply_count":0,"_bbp_total_topic_count":0,"_bbp_total_reply_count":0,"_bbp_voice_count":0,"_bbp_anonymous_reply_count":0,"_bbp_topic_count_hidden":0,"_bbp_reply_count_hidden":0,"_bbp_forum_subforum_count":0,"footnotes":""},"categories":[3,7,1,29],"tags":[168,167,166],"class_list":["post-1887","post","type-post","status-publish","format-standard","has-post-thumbnail","hentry","category-eso","category-eso-4","category-general","category-portada","tag-alemany","tag-alemanya","tag-intercanvi"],"post_mailing_queue_ids":[],"_links":{"self":[{"href":"https:\/\/agora.xtec.cat\/insderodadebara\/wp-json\/wp\/v2\/posts\/1887","targetHints":{"allow":["GET"]}}],"collection":[{"href":"https:\/\/agora.xtec.cat\/insderodadebara\/wp-json\/wp\/v2\/posts"}],"about":[{"href":"https:\/\/agora.xtec.cat\/insderodadebara\/wp-json\/wp\/v2\/types\/post"}],"author":[{"embeddable":true,"href":"https:\/\/agora.xtec.cat\/insderodadebara\/wp-json\/wp\/v2\/users\/1"}],"replies":[{"embeddable":true,"href":"https:\/\/agora.xtec.cat\/insderodadebara\/wp-json\/wp\/v2\/comments?post=1887"}],"version-history":[{"count":1,"href":"https:\/\/agora.xtec.cat\/insderodadebara\/wp-json\/wp\/v2\/posts\/1887\/revisions"}],"predecessor-version":[{"id":1890,"href":"https:\/\/agora.xtec.cat\/insderodadebara\/wp-json\/wp\/v2\/posts\/1887\/revisions\/1890"}],"wp:featuredmedia":[{"embeddable":true,"href":"https:\/\/agora.xtec.cat\/insderodadebara\/wp-json\/wp\/v2\/media\/1888"}],"wp:attachment":[{"href":"https:\/\/agora.xtec.cat\/insderodadebara\/wp-json\/wp\/v2\/media?parent=1887"}],"wp:term":[{"taxonomy":"category","embeddable":true,"href":"https:\/\/agora.xtec.cat\/insderodadebara\/wp-json\/wp\/v2\/categories?post=1887"},{"taxonomy":"post_tag","embeddable":true,"href":"https:\/\/agora.xtec.cat\/insderodadebara\/wp-json\/wp\/v2\/tags?post=1887"}],"curies":[{"name":"wp","href":"https:\/\/api.w.org\/{rel}","templated":true}]}}