{"id":1877,"date":"2017-10-24T12:13:02","date_gmt":"2017-10-24T10:13:02","guid":{"rendered":"http:\/\/agora.xtec.cat\/insderodadebara\/?p=1877"},"modified":"2017-10-24T12:13:16","modified_gmt":"2017-10-24T10:13:16","slug":"postura-del-centre-davant-de-vagues-dalumnat","status":"publish","type":"post","link":"https:\/\/agora.xtec.cat\/insderodadebara\/general\/postura-del-centre-davant-de-vagues-dalumnat\/","title":{"rendered":"La postura del centre davant de vagues d&#8217;alumnat"},"content":{"rendered":"<p><strong>Davant de convocat\u00f2ries de vagues d\u2019alumnat<\/strong> per part de diferents organitzacions d\u2019estudiants, la postura que adoptar\u00e0 el centre ser\u00e0 la seg\u00fcent:<\/p>\n<ol>\n<li>Aquestes jornades de vaga s\u00f3n convocades pels alumnes, sense que el personal docent i no docent de l\u2019Institut hi prengui part.<\/li>\n<li>En aquestes jornades, cal que totes les fam\u00edlies tinguin clar que l\u2019Institut segueix el seu horari habitual i que l\u2019alumnat \u00e9s at\u00e8s, encara que el nombre sigui redu\u00eft, i que tamb\u00e9 funcionen tots els serveis escolars.<\/li>\n<li>El Decret d\u2019autonomia de Centres (102\/2010) regula este fet en el seu article 24 \u201cAix\u00ed mateix els Centres, poden determinar que, a partir del tercer curs de l&#8217;educaci\u00f3 secund\u00e0ria obligat\u00f2ria, les decisions col\u00b7lectives adoptades per l&#8217;alumnat en relaci\u00f3 amb la seva assist\u00e8ncia a classe, en exercici del dret de reuni\u00f3 i pr\u00e8viament comunicades a la direcci\u00f3 del centre i es disposi de la corresponent autoritzaci\u00f3 dels pares, mares o tutors, no tinguin la consideraci\u00f3 de falta.\u201d.<\/li>\n<li>L\u2019adhesi\u00f3 a la vaga s\u2019ha de comunicar al Centre. Qualsevol comunicaci\u00f3 al Centre s\u2019ha de fer amb un m\u00ednim de 48 hores i ha d\u2019incloure, com a m\u00ednim, el text de la convocat\u00f2ria de vaga, organisme que la convoca i per\u00edode de temps que compr\u00e8n. Un cop rebuda la comunicaci\u00f3 es convocar\u00e0 el Consell de Delegats, en el qual s\u2019informa i es decideix si els representants dels estudiants del Centre donen suport al vaga. La decisi\u00f3 d\u2019adherir-se a la vaga ha de ser col\u2022lectiva, per majoria simple sobre el total del Consell de Delegats i l\u2019acta ha d\u2019incloure, a m\u00e9s de la decisi\u00f3 presa, les signatures amb nom i cognom dels estudiants\/es (delegat\/ada o, en cas d\u2019abs\u00e8ncia, subdelegat\/ada) que hi ha participat en representaci\u00f3 dels diferents grups classe.<\/li>\n<li>La Direcci\u00f3 del centre autoritzar\u00e0 a exercir el dret a vaga \u00fanicament si es compleixen els requisits aprovats en aquest protocol.<\/li>\n<li>L&#8217;exercici individual del dret est\u00e0 condicionat a la autoritzaci\u00f3 per escrit per part dels pares, mares o tutors mitjan\u00e7ant l\u2019annex 1. El dia de la vaga a l\u2019alumnat que no ha lliurat l\u2019autoritzaci\u00f3, i no \u00e9s al centre, se li considerar\u00e0 falta injustificada i per justificar-la caldr\u00e0 aportar la documentaci\u00f3 que es requereixi (annex 1). L\u2019Institut deixa const\u00e0ncia, davant de les fam\u00edlies, que no es responsabilitza de cap circumst\u00e0ncia que pugui afectar algun alumne o alumna, durant aquestes jornades, si no assisteix al centre.<\/li>\n<li>Si, en alguna ocasi\u00f3, el personal docent de l\u2019Institut convoca o s\u2019adhereix a alguna jornada de vaga, pr\u00e8viament, les fam\u00edlies rebran una comunicaci\u00f3 on s\u2019indicar\u00e0 aquest fet i es donaran a con\u00e8ixer els serveis m\u00ednims establerts.<\/li>\n<li>El centre, d&#8217;acord amb el consell de delegats, pot recolzar altres accions formatives relacionades amb l&#8217;exercici d&#8217;aquest dret.<\/li>\n<li>En l&#8217;exercici del seu dret a l&#8217;educaci\u00f3, l&#8217;alumnat pot decidir individualment la seva assist\u00e8ncia a classe.<\/li>\n<li>\u00c9s responsabilitat de l\u2019alumnat que s\u2019ha adherit a la vaga posar-se al dia en la feina que s\u2019hagi realitzat a classe el dia de la convocat\u00f2ria.<\/li>\n<\/ol>\n","protected":false},"excerpt":{"rendered":"<p>Davant de convocat\u00f2ries de vagues d\u2019alumnat per part de diferents organitzacions d\u2019estudiants, la postura que adoptar\u00e0 el centre ser\u00e0 la seg\u00fcent&hellip;  <a href=\"https:\/\/agora.xtec.cat\/insderodadebara\/general\/postura-del-centre-davant-de-vagues-dalumnat\/\" title=\"Read La postura del centre davant de vagues d&#8217;alumnat\">Llegeix m\u00e9s\u00bb<\/a><\/p>\n","protected":false},"author":1,"featured_media":0,"comment_status":"closed","ping_status":"closed","sticky":false,"template":"","format":"standard","meta":{"_bbp_topic_count":0,"_bbp_reply_count":0,"_bbp_total_topic_count":0,"_bbp_total_reply_count":0,"_bbp_voice_count":0,"_bbp_anonymous_reply_count":0,"_bbp_topic_count_hidden":0,"_bbp_reply_count_hidden":0,"_bbp_forum_subforum_count":0,"footnotes":""},"categories":[3,1,29],"tags":[85,165],"class_list":["post-1877","post","type-post","status-publish","format-standard","hentry","category-eso","category-general","category-portada","tag-eso","tag-vaga"],"post_mailing_queue_ids":[],"_links":{"self":[{"href":"https:\/\/agora.xtec.cat\/insderodadebara\/wp-json\/wp\/v2\/posts\/1877","targetHints":{"allow":["GET"]}}],"collection":[{"href":"https:\/\/agora.xtec.cat\/insderodadebara\/wp-json\/wp\/v2\/posts"}],"about":[{"href":"https:\/\/agora.xtec.cat\/insderodadebara\/wp-json\/wp\/v2\/types\/post"}],"author":[{"embeddable":true,"href":"https:\/\/agora.xtec.cat\/insderodadebara\/wp-json\/wp\/v2\/users\/1"}],"replies":[{"embeddable":true,"href":"https:\/\/agora.xtec.cat\/insderodadebara\/wp-json\/wp\/v2\/comments?post=1877"}],"version-history":[{"count":2,"href":"https:\/\/agora.xtec.cat\/insderodadebara\/wp-json\/wp\/v2\/posts\/1877\/revisions"}],"predecessor-version":[{"id":1879,"href":"https:\/\/agora.xtec.cat\/insderodadebara\/wp-json\/wp\/v2\/posts\/1877\/revisions\/1879"}],"wp:attachment":[{"href":"https:\/\/agora.xtec.cat\/insderodadebara\/wp-json\/wp\/v2\/media?parent=1877"}],"wp:term":[{"taxonomy":"category","embeddable":true,"href":"https:\/\/agora.xtec.cat\/insderodadebara\/wp-json\/wp\/v2\/categories?post=1877"},{"taxonomy":"post_tag","embeddable":true,"href":"https:\/\/agora.xtec.cat\/insderodadebara\/wp-json\/wp\/v2\/tags?post=1877"}],"curies":[{"name":"wp","href":"https:\/\/api.w.org\/{rel}","templated":true}]}}