{"id":1754,"date":"2017-06-30T13:54:34","date_gmt":"2017-06-30T11:54:34","guid":{"rendered":"http:\/\/agora.xtec.cat\/insderodadebara\/?p=1754"},"modified":"2017-07-24T11:34:56","modified_gmt":"2017-07-24T09:34:56","slug":"recuperacio-extraordinaria-de-setembre-i-deures-destiu","status":"publish","type":"post","link":"https:\/\/agora.xtec.cat\/insderodadebara\/general\/recuperacio-extraordinaria-de-setembre-i-deures-destiu\/","title":{"rendered":"Recuperaci\u00f3 extraordin\u00e0ria de setembre, deures d&#8217;estiu i inici de classes curs 17-18."},"content":{"rendered":"<p>Benvolgudes fam\u00edlies,<\/p>\n<p>Us informem que l\u2019avaluaci\u00f3 extraordin\u00e0ria de setembre es dur\u00e0 a terme entre els dies 1 i 5 de setembre d\u2019acord amb el calendari que trobareu a continuaci\u00f3:<\/p>\n<p><a href=\"http:\/\/agora.xtec.cat\/insderodadebara\/wp-content\/uploads\/usu1145\/2017\/06\/Calendari-recuperacions-setembre-1617_al.pdf\">Calendari recuperacions setembre 1617_al<\/a><\/p>\n<p>El m\u00e8tode de recuperaci\u00f3 l\u2019estableix cada departament did\u00e0ctic i apareix especificat al butllet\u00ed de notes final que s\u2019ha lliurat el dia 29 de juny de 2017. Per a qualsevol dubte, us podeu adre\u00e7ar al centre, durant la primera quinzena de juliol, en horari de 9 a 13 h.<\/p>\n<p>L\u2019alumnat que hagi aprovat totes les mat\u00e8ries t\u00e9 la possibilitat de fer els deures d\u2019estiu voluntaris (que es tindran en compte de cara al curs 2017-2018) que trobar\u00e0 al curs moodle \u201cDeures d\u2019estiu\u201d en la seg\u00fcent adre\u00e7a:<\/p>\n<p><a href=\"http:\/\/agora.xtec.cat\/insderodadebara\/moodle\/\">http:\/\/agora.xtec.cat\/insderodadebara\/moodle\/<\/a><\/p>\n<p>Per accedir-hi, s\u2019ha de fer a trav\u00e9s de l\u2019usuari i contrasenya que usa l\u2019alumne\/a per accedir a la plataforma Gestin.<\/p>\n<p>D\u2019altra banda, us informem que el curs 2017-2018 s\u2019iniciar\u00e0, per a l\u2019alumnat de 2n, 3r i 4t d\u2019ESO, el dia 14 de setembre de 2017, a les 8 h. L\u2019alumnat de 1r d\u2019ESO faran una <strong>jornada d\u2019acollida<\/strong> el dia 13 de setembre, de 10 a 13 h<\/p>\n<p>Us desitgem un bon estiu i us saludem atentament.<\/p>\n<p><strong>\u00a0<\/strong><\/p>\n<p><strong>La direcci\u00f3 del centre<\/strong><\/p>\n","protected":false},"excerpt":{"rendered":"<p>Benvolgudes fam\u00edlies,<br \/>\nUs informem que l\u2019avaluaci\u00f3 extraordin\u00e0ria de setembre es dur\u00e0 a terme entre els dies 1 i 5 de setembre d\u2019acord amb el calendari que trobareu a continuaci\u00f3:<br \/>\n<a href=\"http:\/\/agora.xtec.cat\/insderodadebara\/wp-content\/uploads\/usu1145\/2017\/06\/Calendari-recuperacions-setembre-1617_al.pdf\">Calendari recuperacions setembre 1617_al<\/a><br \/>\nEl m\u00e8tode de recuperaci\u00f3 l\u2019estableix cada departament did\u00e0ctic i apareix especificat al butllet\u00ed de&hellip;  <a href=\"https:\/\/agora.xtec.cat\/insderodadebara\/general\/recuperacio-extraordinaria-de-setembre-i-deures-destiu\/\" title=\"Read Recuperaci\u00f3 extraordin\u00e0ria de setembre, deures d&#8217;estiu i inici de classes curs 17-18.\">Llegeix m\u00e9s\u00bb<\/a><\/p>\n","protected":false},"author":4,"featured_media":0,"comment_status":"closed","ping_status":"closed","sticky":false,"template":"","format":"standard","meta":{"_bbp_topic_count":0,"_bbp_reply_count":0,"_bbp_total_topic_count":0,"_bbp_total_reply_count":0,"_bbp_voice_count":0,"_bbp_anonymous_reply_count":0,"_bbp_topic_count_hidden":0,"_bbp_reply_count_hidden":0,"_bbp_forum_subforum_count":0,"footnotes":""},"categories":[3,1,29],"tags":[],"class_list":["post-1754","post","type-post","status-publish","format-standard","hentry","category-eso","category-general","category-portada"],"post_mailing_queue_ids":[],"_links":{"self":[{"href":"https:\/\/agora.xtec.cat\/insderodadebara\/wp-json\/wp\/v2\/posts\/1754","targetHints":{"allow":["GET"]}}],"collection":[{"href":"https:\/\/agora.xtec.cat\/insderodadebara\/wp-json\/wp\/v2\/posts"}],"about":[{"href":"https:\/\/agora.xtec.cat\/insderodadebara\/wp-json\/wp\/v2\/types\/post"}],"author":[{"embeddable":true,"href":"https:\/\/agora.xtec.cat\/insderodadebara\/wp-json\/wp\/v2\/users\/4"}],"replies":[{"embeddable":true,"href":"https:\/\/agora.xtec.cat\/insderodadebara\/wp-json\/wp\/v2\/comments?post=1754"}],"version-history":[{"count":3,"href":"https:\/\/agora.xtec.cat\/insderodadebara\/wp-json\/wp\/v2\/posts\/1754\/revisions"}],"predecessor-version":[{"id":1764,"href":"https:\/\/agora.xtec.cat\/insderodadebara\/wp-json\/wp\/v2\/posts\/1754\/revisions\/1764"}],"wp:attachment":[{"href":"https:\/\/agora.xtec.cat\/insderodadebara\/wp-json\/wp\/v2\/media?parent=1754"}],"wp:term":[{"taxonomy":"category","embeddable":true,"href":"https:\/\/agora.xtec.cat\/insderodadebara\/wp-json\/wp\/v2\/categories?post=1754"},{"taxonomy":"post_tag","embeddable":true,"href":"https:\/\/agora.xtec.cat\/insderodadebara\/wp-json\/wp\/v2\/tags?post=1754"}],"curies":[{"name":"wp","href":"https:\/\/api.w.org\/{rel}","templated":true}]}}