{"id":1601,"date":"2017-06-08T12:20:33","date_gmt":"2017-06-08T10:20:33","guid":{"rendered":"http:\/\/agora.xtec.cat\/insderodadebara\/?p=1601"},"modified":"2017-06-08T12:37:40","modified_gmt":"2017-06-08T10:37:40","slug":"pedrera-de-lelies","status":"publish","type":"post","link":"https:\/\/agora.xtec.cat\/insderodadebara\/general\/pedrera-de-lelies\/","title":{"rendered":"Pedrera de l&#8217;Elies"},"content":{"rendered":"<p>El passat dimarts 6 de juny els alumnes de 3r d&#8217; Eso de l&#8217; optativa de \u00a0Cultura Cl\u00e1ssica van fer una sortida a la Pedrera de l&#8217;Elies. La visita la va fer Ricard Benimeli que a m\u00e9s d&#8217;explicar c\u00f3m es va treure la pedra \u00a0per fer l&#8217;Arc de Ber\u00e0 tamb\u00e9 els va explicar la flora que es pot trobar per tot els voltants.<\/p>\n","protected":false},"excerpt":{"rendered":"<p>El passat dimarts 6 de juny els alumnes de 3r d&#8217; Eso de l&#8217; optativa de \u00a0Cultura Cl\u00e1ssica van fer una sortida a la Pedrera de l&#8217;Elies. La visita la va fer Ricard Benimeli que a m\u00e9s d&#8217;explicar c\u00f3m es va treure la pedra \u00a0per&hellip;  <a href=\"https:\/\/agora.xtec.cat\/insderodadebara\/general\/pedrera-de-lelies\/\" title=\"Read Pedrera de l&#8217;Elies\">Llegeix m\u00e9s\u00bb<\/a><\/p>\n","protected":false},"author":1,"featured_media":1602,"comment_status":"closed","ping_status":"closed","sticky":false,"template":"","format":"standard","meta":{"_bbp_topic_count":0,"_bbp_reply_count":0,"_bbp_total_topic_count":0,"_bbp_total_reply_count":0,"_bbp_voice_count":0,"_bbp_anonymous_reply_count":0,"_bbp_topic_count_hidden":0,"_bbp_reply_count_hidden":0,"_bbp_forum_subforum_count":0,"footnotes":""},"categories":[1,29],"tags":[153,143],"class_list":["post-1601","post","type-post","status-publish","format-standard","has-post-thumbnail","hentry","category-general","category-portada","tag-cultura-clasica","tag-sortida"],"post_mailing_queue_ids":[],"_links":{"self":[{"href":"https:\/\/agora.xtec.cat\/insderodadebara\/wp-json\/wp\/v2\/posts\/1601","targetHints":{"allow":["GET"]}}],"collection":[{"href":"https:\/\/agora.xtec.cat\/insderodadebara\/wp-json\/wp\/v2\/posts"}],"about":[{"href":"https:\/\/agora.xtec.cat\/insderodadebara\/wp-json\/wp\/v2\/types\/post"}],"author":[{"embeddable":true,"href":"https:\/\/agora.xtec.cat\/insderodadebara\/wp-json\/wp\/v2\/users\/1"}],"replies":[{"embeddable":true,"href":"https:\/\/agora.xtec.cat\/insderodadebara\/wp-json\/wp\/v2\/comments?post=1601"}],"version-history":[{"count":1,"href":"https:\/\/agora.xtec.cat\/insderodadebara\/wp-json\/wp\/v2\/posts\/1601\/revisions"}],"predecessor-version":[{"id":1603,"href":"https:\/\/agora.xtec.cat\/insderodadebara\/wp-json\/wp\/v2\/posts\/1601\/revisions\/1603"}],"wp:featuredmedia":[{"embeddable":true,"href":"https:\/\/agora.xtec.cat\/insderodadebara\/wp-json\/wp\/v2\/media\/1602"}],"wp:attachment":[{"href":"https:\/\/agora.xtec.cat\/insderodadebara\/wp-json\/wp\/v2\/media?parent=1601"}],"wp:term":[{"taxonomy":"category","embeddable":true,"href":"https:\/\/agora.xtec.cat\/insderodadebara\/wp-json\/wp\/v2\/categories?post=1601"},{"taxonomy":"post_tag","embeddable":true,"href":"https:\/\/agora.xtec.cat\/insderodadebara\/wp-json\/wp\/v2\/tags?post=1601"}],"curies":[{"name":"wp","href":"https:\/\/api.w.org\/{rel}","templated":true}]}}