{"id":1596,"date":"2017-06-02T17:09:08","date_gmt":"2017-06-02T15:09:08","guid":{"rendered":"http:\/\/agora.xtec.cat\/insderodadebara\/?p=1596"},"modified":"2017-06-02T17:09:08","modified_gmt":"2017-06-02T15:09:08","slug":"exposicions-del-credit-de-sintesi-2016-2017","status":"publish","type":"post","link":"https:\/\/agora.xtec.cat\/insderodadebara\/general\/exposicions-del-credit-de-sintesi-2016-2017\/","title":{"rendered":"Exposicions del cr\u00e8dit de s\u00edntesi 2016-2017"},"content":{"rendered":"<p>Us recordem que el dia 5 de juny de 2017 es fan les exposicions del cr\u00e8dit de s\u00edntesi i \u00e9s d&#8217;horari especial per a l&#8217;alumnat de 1r, 2n i 3r d&#8217;ESO, per la qual cosa l&#8217;alumnat nom\u00e9s vindr\u00e0 a fer l&#8217;exposici\u00f3 (ha de ser 15 min abans de l&#8217;hora fixada) i marxar\u00e0 cap a casa (sempre que tingui l&#8217;autoritzaci\u00f3 pertinent signada). No obstant aix\u00f2, si no la tenen, hauran de quedar-se a l&#8217;Institut.<\/p>\n<p>A continuaci\u00f3, teniu els horaris de les exposicions:<\/p>\n<p><a href=\"http:\/\/agora.xtec.cat\/insderodadebara\/wp-content\/uploads\/usu1145\/2017\/06\/Organitzaci\u00f3-cr\u00e8dit-s\u00edntesi-1617_al.pdf\">Organitzaci\u00f3 cr\u00e8dit s\u00edntesi 1617_al<\/a><\/p>\n","protected":false},"excerpt":{"rendered":"<p>Us recordem que el dia 5 de juny de 2017 es fan les exposicions del cr\u00e8dit de s\u00edntesi i \u00e9s d&#8217;horari especial per a l&#8217;alumnat de 1r, 2n i 3r d&#8217;ESO, per la qual cosa l&#8217;alumnat nom\u00e9s vindr\u00e0 a fer l&#8217;exposici\u00f3 (ha de ser 15&hellip;  <a href=\"https:\/\/agora.xtec.cat\/insderodadebara\/general\/exposicions-del-credit-de-sintesi-2016-2017\/\" title=\"Read Exposicions del cr\u00e8dit de s\u00edntesi 2016-2017\">Llegeix m\u00e9s\u00bb<\/a><\/p>\n","protected":false},"author":4,"featured_media":0,"comment_status":"closed","ping_status":"closed","sticky":false,"template":"","format":"standard","meta":{"_bbp_topic_count":0,"_bbp_reply_count":0,"_bbp_total_topic_count":0,"_bbp_total_reply_count":0,"_bbp_voice_count":0,"_bbp_anonymous_reply_count":0,"_bbp_topic_count_hidden":0,"_bbp_reply_count_hidden":0,"_bbp_forum_subforum_count":0,"footnotes":""},"categories":[3,1,29],"tags":[],"class_list":["post-1596","post","type-post","status-publish","format-standard","hentry","category-eso","category-general","category-portada"],"post_mailing_queue_ids":[],"_links":{"self":[{"href":"https:\/\/agora.xtec.cat\/insderodadebara\/wp-json\/wp\/v2\/posts\/1596","targetHints":{"allow":["GET"]}}],"collection":[{"href":"https:\/\/agora.xtec.cat\/insderodadebara\/wp-json\/wp\/v2\/posts"}],"about":[{"href":"https:\/\/agora.xtec.cat\/insderodadebara\/wp-json\/wp\/v2\/types\/post"}],"author":[{"embeddable":true,"href":"https:\/\/agora.xtec.cat\/insderodadebara\/wp-json\/wp\/v2\/users\/4"}],"replies":[{"embeddable":true,"href":"https:\/\/agora.xtec.cat\/insderodadebara\/wp-json\/wp\/v2\/comments?post=1596"}],"version-history":[{"count":1,"href":"https:\/\/agora.xtec.cat\/insderodadebara\/wp-json\/wp\/v2\/posts\/1596\/revisions"}],"predecessor-version":[{"id":1598,"href":"https:\/\/agora.xtec.cat\/insderodadebara\/wp-json\/wp\/v2\/posts\/1596\/revisions\/1598"}],"wp:attachment":[{"href":"https:\/\/agora.xtec.cat\/insderodadebara\/wp-json\/wp\/v2\/media?parent=1596"}],"wp:term":[{"taxonomy":"category","embeddable":true,"href":"https:\/\/agora.xtec.cat\/insderodadebara\/wp-json\/wp\/v2\/categories?post=1596"},{"taxonomy":"post_tag","embeddable":true,"href":"https:\/\/agora.xtec.cat\/insderodadebara\/wp-json\/wp\/v2\/tags?post=1596"}],"curies":[{"name":"wp","href":"https:\/\/api.w.org\/{rel}","templated":true}]}}