{"id":1454,"date":"2017-04-23T00:51:56","date_gmt":"2017-04-22T22:51:56","guid":{"rendered":"http:\/\/agora.xtec.cat\/insderodadebara\/?p=1454"},"modified":"2017-04-24T10:50:13","modified_gmt":"2017-04-24T08:50:13","slug":"visita-a-lescola-de-musica","status":"publish","type":"post","link":"https:\/\/agora.xtec.cat\/insderodadebara\/general\/visita-a-lescola-de-musica\/","title":{"rendered":"Visita a l&#8217;Escola de M\u00fasica"},"content":{"rendered":"<p>El dimecres 19 d&#8217;abril els alumnes de 1r van anar a visitar l&#8217;escola de M\u00fasica de Roda de Ber\u00e0.<\/p>\n<p>L&#8217;activitat, organitzada pel departament d&#8217;Expressi\u00f3 dins del cr\u00e8dit de s\u00edntesi, consistia en con\u00e8ixer l&#8217;Escola de M\u00fasica de Roda de Ber\u00e0. Els van rebre el director de l&#8217;escola i tres professors. Els van explicar qu\u00e8 feien a l&#8217;escola i van fer una interpretaci\u00f3 musical de 10 instruments. Van acabar amb una petita audici\u00f3 feta pels\u00a0<span style=\"font-family: inherit; font-size: 1em;\">professors de l&#8217;escola de M\u00fasica i van respondre a totes les preguntes que els feien els nostres alumnes.<\/span><\/p>\n<p>Moltes gr\u00e0cies Albert, director de l&#8217;Escola de M\u00fasica de Roda!<\/p>\n<p><a href=\"http:\/\/agora.xtec.cat\/insderodadebara\/wp-content\/uploads\/usu1145\/2017\/04\/IMG-20170421-WA0052-1.jpg\"><img loading=\"lazy\" decoding=\"async\" class=\"aligncenter wp-image-1461 size-medium\" src=\"http:\/\/agora.xtec.cat\/insderodadebara\/wp-content\/uploads\/usu1145\/2017\/04\/IMG-20170421-WA0052-1-225x300.jpg\" alt=\"IMG-20170421-WA0052\" width=\"225\" height=\"300\" srcset=\"https:\/\/agora.xtec.cat\/insderodadebara\/wp-content\/uploads\/usu1145\/2017\/04\/IMG-20170421-WA0052-1-225x300.jpg 225w, https:\/\/agora.xtec.cat\/insderodadebara\/wp-content\/uploads\/usu1145\/2017\/04\/IMG-20170421-WA0052-1-768x1024.jpg 768w, https:\/\/agora.xtec.cat\/insderodadebara\/wp-content\/uploads\/usu1145\/2017\/04\/IMG-20170421-WA0052-1.jpg 1200w\" sizes=\"auto, (max-width: 225px) 100vw, 225px\" \/><\/a><\/p>\n<p><a href=\"http:\/\/agora.xtec.cat\/insderodadebara\/wp-content\/uploads\/usu1145\/2017\/04\/IMG-20170421-WA0048-1.jpg\"><img loading=\"lazy\" decoding=\"async\" class=\"aligncenter wp-image-1458 size-medium\" src=\"http:\/\/agora.xtec.cat\/insderodadebara\/wp-content\/uploads\/usu1145\/2017\/04\/IMG-20170421-WA0048-1-300x225.jpg\" alt=\"IMG-20170421-WA0048\" width=\"300\" height=\"225\" srcset=\"https:\/\/agora.xtec.cat\/insderodadebara\/wp-content\/uploads\/usu1145\/2017\/04\/IMG-20170421-WA0048-1-300x225.jpg 300w, https:\/\/agora.xtec.cat\/insderodadebara\/wp-content\/uploads\/usu1145\/2017\/04\/IMG-20170421-WA0048-1-768x576.jpg 768w, https:\/\/agora.xtec.cat\/insderodadebara\/wp-content\/uploads\/usu1145\/2017\/04\/IMG-20170421-WA0048-1-1024x768.jpg 1024w, https:\/\/agora.xtec.cat\/insderodadebara\/wp-content\/uploads\/usu1145\/2017\/04\/IMG-20170421-WA0048-1-200x150.jpg 200w, https:\/\/agora.xtec.cat\/insderodadebara\/wp-content\/uploads\/usu1145\/2017\/04\/IMG-20170421-WA0048-1.jpg 1600w\" sizes=\"auto, (max-width: 300px) 100vw, 300px\" \/><\/a><\/p>\n<p><a href=\"http:\/\/agora.xtec.cat\/insderodadebara\/wp-content\/uploads\/usu1145\/2017\/04\/IMG-20170421-WA00461-1.jpg\"><img loading=\"lazy\" decoding=\"async\" class=\"aligncenter size-medium wp-image-1456\" src=\"http:\/\/agora.xtec.cat\/insderodadebara\/wp-content\/uploads\/usu1145\/2017\/04\/IMG-20170421-WA00461-1-300x225.jpg\" alt=\"IMG-20170421-WA0046(1)\" width=\"300\" height=\"225\" srcset=\"https:\/\/agora.xtec.cat\/insderodadebara\/wp-content\/uploads\/usu1145\/2017\/04\/IMG-20170421-WA00461-1-300x225.jpg 300w, https:\/\/agora.xtec.cat\/insderodadebara\/wp-content\/uploads\/usu1145\/2017\/04\/IMG-20170421-WA00461-1-768x576.jpg 768w, https:\/\/agora.xtec.cat\/insderodadebara\/wp-content\/uploads\/usu1145\/2017\/04\/IMG-20170421-WA00461-1-1024x768.jpg 1024w, https:\/\/agora.xtec.cat\/insderodadebara\/wp-content\/uploads\/usu1145\/2017\/04\/IMG-20170421-WA00461-1-200x150.jpg 200w, https:\/\/agora.xtec.cat\/insderodadebara\/wp-content\/uploads\/usu1145\/2017\/04\/IMG-20170421-WA00461-1.jpg 1600w\" sizes=\"auto, (max-width: 300px) 100vw, 300px\" \/><\/a><\/p>\n<p><a href=\"http:\/\/agora.xtec.cat\/insderodadebara\/wp-content\/uploads\/usu1145\/2017\/04\/IMG-20170421-WA0047.jpg\"><img loading=\"lazy\" decoding=\"async\" class=\"aligncenter size-medium wp-image-1447\" src=\"http:\/\/agora.xtec.cat\/insderodadebara\/wp-content\/uploads\/usu1145\/2017\/04\/IMG-20170421-WA0047-300x225.jpg\" alt=\"IMG-20170421-WA0047\" width=\"300\" height=\"225\" srcset=\"https:\/\/agora.xtec.cat\/insderodadebara\/wp-content\/uploads\/usu1145\/2017\/04\/IMG-20170421-WA0047-300x225.jpg 300w, https:\/\/agora.xtec.cat\/insderodadebara\/wp-content\/uploads\/usu1145\/2017\/04\/IMG-20170421-WA0047-768x576.jpg 768w, https:\/\/agora.xtec.cat\/insderodadebara\/wp-content\/uploads\/usu1145\/2017\/04\/IMG-20170421-WA0047-1024x768.jpg 1024w, https:\/\/agora.xtec.cat\/insderodadebara\/wp-content\/uploads\/usu1145\/2017\/04\/IMG-20170421-WA0047-200x150.jpg 200w, https:\/\/agora.xtec.cat\/insderodadebara\/wp-content\/uploads\/usu1145\/2017\/04\/IMG-20170421-WA0047.jpg 1600w\" sizes=\"auto, (max-width: 300px) 100vw, 300px\" \/><\/a><\/p>\n<p>&nbsp;<\/p>\n","protected":false},"excerpt":{"rendered":"<p>El dimecres 19 d&#8217;abril els alumnes de 1r van anar a visitar l&#8217;escola de M\u00fasica de Roda de Ber\u00e0.<br \/>\nL&#8217;activitat, organitzada pel departament d&#8217;Expressi\u00f3 dins del cr\u00e8dit de s\u00edntesi, consistia en con\u00e8ixer l&#8217;Escola de M\u00fasica de Roda de Ber\u00e0. Els van rebre el director de l&#8217;escola&hellip;  <a href=\"https:\/\/agora.xtec.cat\/insderodadebara\/general\/visita-a-lescola-de-musica\/\" title=\"Read Visita a l&#8217;Escola de M\u00fasica\">Llegeix m\u00e9s\u00bb<\/a><\/p>\n","protected":false},"author":1,"featured_media":1452,"comment_status":"closed","ping_status":"open","sticky":false,"template":"","format":"standard","meta":{"_bbp_topic_count":0,"_bbp_reply_count":0,"_bbp_total_topic_count":0,"_bbp_total_reply_count":0,"_bbp_voice_count":0,"_bbp_anonymous_reply_count":0,"_bbp_topic_count_hidden":0,"_bbp_reply_count_hidden":0,"_bbp_forum_subforum_count":0,"footnotes":""},"categories":[4,1,29],"tags":[65,83,139],"class_list":["post-1454","post","type-post","status-publish","format-standard","has-post-thumbnail","hentry","category-eso-1","category-general","category-portada","tag-1reso","tag-credit-de-sintesi","tag-musica"],"post_mailing_queue_ids":[],"_links":{"self":[{"href":"https:\/\/agora.xtec.cat\/insderodadebara\/wp-json\/wp\/v2\/posts\/1454","targetHints":{"allow":["GET"]}}],"collection":[{"href":"https:\/\/agora.xtec.cat\/insderodadebara\/wp-json\/wp\/v2\/posts"}],"about":[{"href":"https:\/\/agora.xtec.cat\/insderodadebara\/wp-json\/wp\/v2\/types\/post"}],"author":[{"embeddable":true,"href":"https:\/\/agora.xtec.cat\/insderodadebara\/wp-json\/wp\/v2\/users\/1"}],"replies":[{"embeddable":true,"href":"https:\/\/agora.xtec.cat\/insderodadebara\/wp-json\/wp\/v2\/comments?post=1454"}],"version-history":[{"count":3,"href":"https:\/\/agora.xtec.cat\/insderodadebara\/wp-json\/wp\/v2\/posts\/1454\/revisions"}],"predecessor-version":[{"id":1507,"href":"https:\/\/agora.xtec.cat\/insderodadebara\/wp-json\/wp\/v2\/posts\/1454\/revisions\/1507"}],"wp:featuredmedia":[{"embeddable":true,"href":"https:\/\/agora.xtec.cat\/insderodadebara\/wp-json\/wp\/v2\/media\/1452"}],"wp:attachment":[{"href":"https:\/\/agora.xtec.cat\/insderodadebara\/wp-json\/wp\/v2\/media?parent=1454"}],"wp:term":[{"taxonomy":"category","embeddable":true,"href":"https:\/\/agora.xtec.cat\/insderodadebara\/wp-json\/wp\/v2\/categories?post=1454"},{"taxonomy":"post_tag","embeddable":true,"href":"https:\/\/agora.xtec.cat\/insderodadebara\/wp-json\/wp\/v2\/tags?post=1454"}],"curies":[{"name":"wp","href":"https:\/\/api.w.org\/{rel}","templated":true}]}}