{"id":1361,"date":"2017-04-20T13:13:56","date_gmt":"2017-04-20T11:13:56","guid":{"rendered":"http:\/\/agora.xtec.cat\/insderodadebara\/?p=1361"},"modified":"2017-04-27T12:59:12","modified_gmt":"2017-04-27T10:59:12","slug":"dia-de-les-matematiques","status":"publish","type":"post","link":"https:\/\/agora.xtec.cat\/insderodadebara\/general\/dia-de-les-matematiques\/","title":{"rendered":"Dia de les matem\u00e0tiques"},"content":{"rendered":"<p>El passat divendres 7 d&#8217;abril vam celebrar el dia de les matem\u00e0tiques al centre. Els responsables de l&#8217;activitat van ser l&#8217;alumnat de 3r amb l&#8217;ajuda del departament de matem\u00e0tiques.<\/p>\n<p>Aqu\u00ed teniu el v\u00eddeo de les activitats que es van fer perqu\u00e8 vegeu que b\u00e9 que ens ho vam passar!<\/p>\n<p>https:\/\/quik.gopro.com\/v\/H8b7XKNYYZ\/<\/p>\n<p>&nbsp;<\/p>\n","protected":false},"excerpt":{"rendered":"<p>El passat divendres 7 d&#8217;abril vam celebrar el dia de les matem\u00e0tiques al centre. Els responsables de l&#8217;activitat van ser l&#8217;alumnat de 3r amb l&#8217;ajuda del departament de matem\u00e0tiques.<br \/>\nAqu\u00ed teniu el v\u00eddeo de les activitats que es van fer perqu\u00e8 vegeu que b\u00e9 que ens&hellip;  <a href=\"https:\/\/agora.xtec.cat\/insderodadebara\/general\/dia-de-les-matematiques\/\" title=\"Read Dia de les matem\u00e0tiques\">Llegeix m\u00e9s\u00bb<\/a><\/p>\n","protected":false},"author":1,"featured_media":1508,"comment_status":"closed","ping_status":"open","sticky":false,"template":"","format":"standard","meta":{"_bbp_topic_count":0,"_bbp_reply_count":0,"_bbp_total_topic_count":0,"_bbp_total_reply_count":0,"_bbp_voice_count":0,"_bbp_anonymous_reply_count":0,"_bbp_topic_count_hidden":0,"_bbp_reply_count_hidden":0,"_bbp_forum_subforum_count":0,"footnotes":""},"categories":[3,6,1,29],"tags":[68,83,137,85,41],"class_list":["post-1361","post","type-post","status-publish","format-standard","has-post-thumbnail","hentry","category-eso","category-eso-3","category-general","category-portada","tag-3reso","tag-credit-de-sintesi","tag-dia-de-les-matematiques","tag-eso","tag-matematiques"],"post_mailing_queue_ids":[],"_links":{"self":[{"href":"https:\/\/agora.xtec.cat\/insderodadebara\/wp-json\/wp\/v2\/posts\/1361","targetHints":{"allow":["GET"]}}],"collection":[{"href":"https:\/\/agora.xtec.cat\/insderodadebara\/wp-json\/wp\/v2\/posts"}],"about":[{"href":"https:\/\/agora.xtec.cat\/insderodadebara\/wp-json\/wp\/v2\/types\/post"}],"author":[{"embeddable":true,"href":"https:\/\/agora.xtec.cat\/insderodadebara\/wp-json\/wp\/v2\/users\/1"}],"replies":[{"embeddable":true,"href":"https:\/\/agora.xtec.cat\/insderodadebara\/wp-json\/wp\/v2\/comments?post=1361"}],"version-history":[{"count":3,"href":"https:\/\/agora.xtec.cat\/insderodadebara\/wp-json\/wp\/v2\/posts\/1361\/revisions"}],"predecessor-version":[{"id":1523,"href":"https:\/\/agora.xtec.cat\/insderodadebara\/wp-json\/wp\/v2\/posts\/1361\/revisions\/1523"}],"wp:featuredmedia":[{"embeddable":true,"href":"https:\/\/agora.xtec.cat\/insderodadebara\/wp-json\/wp\/v2\/media\/1508"}],"wp:attachment":[{"href":"https:\/\/agora.xtec.cat\/insderodadebara\/wp-json\/wp\/v2\/media?parent=1361"}],"wp:term":[{"taxonomy":"category","embeddable":true,"href":"https:\/\/agora.xtec.cat\/insderodadebara\/wp-json\/wp\/v2\/categories?post=1361"},{"taxonomy":"post_tag","embeddable":true,"href":"https:\/\/agora.xtec.cat\/insderodadebara\/wp-json\/wp\/v2\/tags?post=1361"}],"curies":[{"name":"wp","href":"https:\/\/api.w.org\/{rel}","templated":true}]}}