{"id":1334,"date":"2017-04-04T13:20:42","date_gmt":"2017-04-04T11:20:42","guid":{"rendered":"http:\/\/agora.xtec.cat\/insderodadebara\/?p=1334"},"modified":"2017-04-04T13:26:13","modified_gmt":"2017-04-04T11:26:13","slug":"sortida-a-la-platja-2n","status":"publish","type":"post","link":"https:\/\/agora.xtec.cat\/insderodadebara\/general\/sortida-a-la-platja-2n\/","title":{"rendered":"Sortida a la platja, 2n"},"content":{"rendered":"<p>Aquest passat dimecres 29 de mar\u00e7 el grup de 2n d&#8217; ESO va fer la sortida del cr\u00e8dit de s\u00edntesi al Roc de Sant Gaiet\u00e0, activitat organitzada pel departament d&#8217;Educaci\u00f3 F\u00edsica.<\/p>\n<p>La sortida va comen\u00e7ar a les 8.30h i van anar a peu a la platja. La dist\u00e0ncia era d&#8217;uns 4 quil\u00f2metres i van estar uns 50 minuts. La tornada tamb\u00e9 va ser a peu i van arribar a l&#8217;institut sobre les 14.00h.<\/p>\n<p>Una setmana abans es va demanar als alumnes de 2n ESO que havien de fer grups de 6-7 persones i escollir una equipaci\u00f3 per poder participar a les activitats, cosa que van fer molt b\u00e9, com es pot veure en les fotografies.<\/p>\n<p>Un cop arribats al Roc de sant Gaiet\u00e0 es van explicar les activitats i van tenir una mica de temps lliure per esmorzar i agafar forces. Les activitats van durar uns 90 minuts i al final van tenir una mica de temps de descans.<\/p>\n<p>Les activitats programades es van realitzar sense cap incident: futbol flag, Ultimate, futbol platja, pitxi i volei platja.<\/p>\n<p>Va ser un mat\u00ed amb molt de sol i molt bon ambient.<\/p>\n<p>Els professors es van quedar amb la sensaci\u00f3 que els grups es van implicar molt en el bon funcionament de la sortida. I per aix\u00f2 va sortir tot rod\u00f3!<\/p>\n\r\n\t<div class=\"slideshow_container slideshow_container_style-light\" style=\"height: 600px; \" data-slideshow-id=\"1336\" data-style-name=\"style-light\" data-style-version=\"2.3.1\" >\r\n\r\n\t\t\t\t\t<div class=\"slideshow_loading_icon\"><\/div>\r\n\t\t\r\n\t\t<div class=\"slideshow_content\" style=\"display: none;\">\r\n\r\n\t\t\t<div class=\"slideshow_view\">\t<div style=\"clear: both;\"><\/div><\/div><div class=\"slideshow_view\">\t<div style=\"clear: both;\"><\/div><\/div><div class=\"slideshow_view\">\t<div style=\"clear: both;\"><\/div><\/div><div class=\"slideshow_view\">\t<div style=\"clear: both;\"><\/div><\/div><div class=\"slideshow_view\">\t<div style=\"clear: both;\"><\/div><\/div><div class=\"slideshow_view\">\t<div style=\"clear: both;\"><\/div><\/div><div class=\"slideshow_view\">\t<div style=\"clear: both;\"><\/div><\/div><div class=\"slideshow_view\">\t<div style=\"clear: both;\"><\/div><\/div><div class=\"slideshow_view\">\t<div style=\"clear: both;\"><\/div><\/div><div class=\"slideshow_view\">\t<div style=\"clear: both;\"><\/div><\/div>\r\n\t\t<\/div>\r\n\r\n\t\t<div class=\"slideshow_controlPanel slideshow_transparent\" style=\"display: none;\"><ul><li class=\"slideshow_togglePlay\" data-play-text=\"Visualitza\" data-pause-text=\"Pausa\"><\/li><\/ul><\/div>\r\n\r\n\t\t<div class=\"slideshow_button slideshow_previous slideshow_transparent\" role=\"button\" data-previous-text=\"Anterior\" style=\"display: none;\"><\/div>\r\n\t\t<div class=\"slideshow_button slideshow_next slideshow_transparent\" role=\"button\" data-next-text=\"Seg\u00fcent\" style=\"display: none;\"><\/div>\r\n\r\n\t\t<div class=\"slideshow_pagination\" style=\"display: none;\" data-go-to-text=\"V\u00e9s a la diapositiva\"><div class=\"slideshow_pagination_center\"><\/div><\/div>\r\n\r\n\t\t<!-- WordPress Slideshow Version 2.3.1 -->\r\n\r\n\t\t\t<\/div>\r\n\r\n\n<p>&nbsp;<\/p>\n","protected":false},"excerpt":{"rendered":"<p>Aquest passat dimecres 29 de mar\u00e7 el grup de 2n d&#8217; ESO va fer la sortida del cr\u00e8dit de s\u00edntesi al Roc de Sant Gaiet\u00e0, activitat organitzada pel departament d&#8217;Educaci\u00f3 F\u00edsica.<br \/>\nLa sortida va comen\u00e7ar a les 8.30h i van anar a peu a la platja.&hellip;  <a href=\"https:\/\/agora.xtec.cat\/insderodadebara\/general\/sortida-a-la-platja-2n\/\" title=\"Read Sortida a la platja, 2n\">Llegeix m\u00e9s\u00bb<\/a><\/p>\n","protected":false},"author":1,"featured_media":0,"comment_status":"closed","ping_status":"open","sticky":false,"template":"","format":"standard","meta":{"_bbp_topic_count":0,"_bbp_reply_count":0,"_bbp_total_topic_count":0,"_bbp_total_reply_count":0,"_bbp_voice_count":0,"_bbp_anonymous_reply_count":0,"_bbp_topic_count_hidden":0,"_bbp_reply_count_hidden":0,"_bbp_forum_subforum_count":0,"footnotes":""},"categories":[3,5,1,29],"tags":[70,83,39],"class_list":["post-1334","post","type-post","status-publish","format-standard","hentry","category-eso","category-eso-2","category-general","category-portada","tag-2neso","tag-credit-de-sintesi","tag-sortides"],"post_mailing_queue_ids":[],"_links":{"self":[{"href":"https:\/\/agora.xtec.cat\/insderodadebara\/wp-json\/wp\/v2\/posts\/1334","targetHints":{"allow":["GET"]}}],"collection":[{"href":"https:\/\/agora.xtec.cat\/insderodadebara\/wp-json\/wp\/v2\/posts"}],"about":[{"href":"https:\/\/agora.xtec.cat\/insderodadebara\/wp-json\/wp\/v2\/types\/post"}],"author":[{"embeddable":true,"href":"https:\/\/agora.xtec.cat\/insderodadebara\/wp-json\/wp\/v2\/users\/1"}],"replies":[{"embeddable":true,"href":"https:\/\/agora.xtec.cat\/insderodadebara\/wp-json\/wp\/v2\/comments?post=1334"}],"version-history":[{"count":3,"href":"https:\/\/agora.xtec.cat\/insderodadebara\/wp-json\/wp\/v2\/posts\/1334\/revisions"}],"predecessor-version":[{"id":1349,"href":"https:\/\/agora.xtec.cat\/insderodadebara\/wp-json\/wp\/v2\/posts\/1334\/revisions\/1349"}],"wp:attachment":[{"href":"https:\/\/agora.xtec.cat\/insderodadebara\/wp-json\/wp\/v2\/media?parent=1334"}],"wp:term":[{"taxonomy":"category","embeddable":true,"href":"https:\/\/agora.xtec.cat\/insderodadebara\/wp-json\/wp\/v2\/categories?post=1334"},{"taxonomy":"post_tag","embeddable":true,"href":"https:\/\/agora.xtec.cat\/insderodadebara\/wp-json\/wp\/v2\/tags?post=1334"}],"curies":[{"name":"wp","href":"https:\/\/api.w.org\/{rel}","templated":true}]}}