{"id":1306,"date":"2017-04-03T09:41:37","date_gmt":"2017-04-03T07:41:37","guid":{"rendered":"http:\/\/agora.xtec.cat\/insderodadebara\/?p=1306"},"modified":"2017-04-24T09:49:38","modified_gmt":"2017-04-24T07:49:38","slug":"xerrada-de-lescriptor-fernando-marias","status":"publish","type":"post","link":"https:\/\/agora.xtec.cat\/insderodadebara\/general\/xerrada-de-lescriptor-fernando-marias\/","title":{"rendered":"Xerrada de l&#8217;escriptor Fernando Mar\u00edas"},"content":{"rendered":"<p><em>Cielo abajo<\/em> \u00e9s una novel\u00b7la del Fernando Mar\u00edas (Bilbao, 1958), lectura obligat\u00f2ria per a l&#8217;alumnat de 4t de l&#8217;institut. \u00c9s una novel\u00b7la de l&#8217;editorial Anaya i \u00e9s el II premi Anaya de Literatura Infantil i Juvenil, a part de ser Premi Nacional de Literatura Infantil i Juvenil del 2006.<\/p>\n<p><a href=\"http:\/\/agora.xtec.cat\/insderodadebara\/wp-content\/uploads\/usu1145\/2017\/04\/IMG-20170329-WA0010.jpg\"><img loading=\"lazy\" decoding=\"async\" class=\"aligncenter size-medium wp-image-1495\" src=\"http:\/\/agora.xtec.cat\/insderodadebara\/wp-content\/uploads\/usu1145\/2017\/04\/IMG-20170329-WA0010-225x300.jpg\" alt=\"IMG-20170329-WA0010\" width=\"225\" height=\"300\" srcset=\"https:\/\/agora.xtec.cat\/insderodadebara\/wp-content\/uploads\/usu1145\/2017\/04\/IMG-20170329-WA0010-225x300.jpg 225w, https:\/\/agora.xtec.cat\/insderodadebara\/wp-content\/uploads\/usu1145\/2017\/04\/IMG-20170329-WA0010-768x1024.jpg 768w, https:\/\/agora.xtec.cat\/insderodadebara\/wp-content\/uploads\/usu1145\/2017\/04\/IMG-20170329-WA0010.jpg 1200w\" sizes=\"auto, (max-width: 225px) 100vw, 225px\" \/><\/a><\/p>\n<p>Se situa a la Guerra civil espanyola. Un avi\u00f3 carregat de bombes s&#8217;aproxima al Palau Reial de Madrid, amb l&#8217;objectiu de matar el rei d&#8217;Espanya. Dispara la bomba, per\u00f2 llavors a terra passa un fet sorprenent.<\/p>\n<p><a href=\"http:\/\/agora.xtec.cat\/insderodadebara\/wp-content\/uploads\/usu1145\/2017\/04\/IMG-20170329-WA0004-1.jpg\"><img loading=\"lazy\" decoding=\"async\" class=\"aligncenter wp-image-1494 size-large\" src=\"http:\/\/agora.xtec.cat\/insderodadebara\/wp-content\/uploads\/usu1145\/2017\/04\/IMG-20170329-WA0004-1-1024x576.jpg\" alt=\"IMG-20170329-WA0004\" width=\"1024\" height=\"576\" srcset=\"https:\/\/agora.xtec.cat\/insderodadebara\/wp-content\/uploads\/usu1145\/2017\/04\/IMG-20170329-WA0004-1-1024x576.jpg 1024w, https:\/\/agora.xtec.cat\/insderodadebara\/wp-content\/uploads\/usu1145\/2017\/04\/IMG-20170329-WA0004-1-300x169.jpg 300w, https:\/\/agora.xtec.cat\/insderodadebara\/wp-content\/uploads\/usu1145\/2017\/04\/IMG-20170329-WA0004-1-768x432.jpg 768w, https:\/\/agora.xtec.cat\/insderodadebara\/wp-content\/uploads\/usu1145\/2017\/04\/IMG-20170329-WA0004-1.jpg 1328w\" sizes=\"auto, (max-width: 1024px) 100vw, 1024px\" \/><\/a><\/p>\n<p>&nbsp;<\/p>\n<p>Des del departament de Castell\u00e0 van trobar interessant portar l&#8217;autor del llibre treballat i llegit a classe, perqu\u00e8 aix\u00ed els alumnes van poder conversar amb l&#8217;escriptor i preguntar-li tots els dubtes de la novel\u00b7la o de l&#8217;ofici d&#8217;escriptor.<\/p>\n<p>Gr\u00e0cies a tots per a fer-ho possible!<\/p>\n<p><a href=\"http:\/\/agora.xtec.cat\/insderodadebara\/wp-content\/uploads\/usu1145\/2017\/04\/IMG-20170329-WA0022.jpg\"><img loading=\"lazy\" decoding=\"async\" class=\"aligncenter wp-image-1307 size-large\" src=\"http:\/\/agora.xtec.cat\/insderodadebara\/wp-content\/uploads\/usu1145\/2017\/04\/IMG-20170329-WA0022-1024x768.jpg\" alt=\"IMG-20170329-WA0022\" width=\"1024\" height=\"768\" \/><\/a><\/p>\n<p>&nbsp;<\/p>\n","protected":false},"excerpt":{"rendered":"<p>Cielo abajo \u00e9s una novel\u00b7la del Fernando Mar\u00edas (Bilbao, 1958), lectura obligat\u00f2ria per a l&#8217;alumnat de 4t de l&#8217;institut. \u00c9s una novel\u00b7la de l&#8217;editorial Anaya i \u00e9s el II premi Anaya de Literatura Infantil i Juvenil, a part de ser Premi Nacional de Literatura Infantil&hellip;  <a href=\"https:\/\/agora.xtec.cat\/insderodadebara\/general\/xerrada-de-lescriptor-fernando-marias\/\" title=\"Read Xerrada de l&#8217;escriptor Fernando Mar\u00edas\">Llegeix m\u00e9s\u00bb<\/a><\/p>\n","protected":false},"author":1,"featured_media":1493,"comment_status":"closed","ping_status":"open","sticky":false,"template":"","format":"standard","meta":{"_bbp_topic_count":0,"_bbp_reply_count":0,"_bbp_total_topic_count":0,"_bbp_total_reply_count":0,"_bbp_voice_count":0,"_bbp_anonymous_reply_count":0,"_bbp_topic_count_hidden":0,"_bbp_reply_count_hidden":0,"_bbp_forum_subforum_count":0,"footnotes":""},"categories":[3,7,1,29],"tags":[69,126,44],"class_list":["post-1306","post","type-post","status-publish","format-standard","has-post-thumbnail","hentry","category-eso","category-eso-4","category-general","category-portada","tag-4teso","tag-autors","tag-xerrades"],"post_mailing_queue_ids":[],"_links":{"self":[{"href":"https:\/\/agora.xtec.cat\/insderodadebara\/wp-json\/wp\/v2\/posts\/1306","targetHints":{"allow":["GET"]}}],"collection":[{"href":"https:\/\/agora.xtec.cat\/insderodadebara\/wp-json\/wp\/v2\/posts"}],"about":[{"href":"https:\/\/agora.xtec.cat\/insderodadebara\/wp-json\/wp\/v2\/types\/post"}],"author":[{"embeddable":true,"href":"https:\/\/agora.xtec.cat\/insderodadebara\/wp-json\/wp\/v2\/users\/1"}],"replies":[{"embeddable":true,"href":"https:\/\/agora.xtec.cat\/insderodadebara\/wp-json\/wp\/v2\/comments?post=1306"}],"version-history":[{"count":2,"href":"https:\/\/agora.xtec.cat\/insderodadebara\/wp-json\/wp\/v2\/posts\/1306\/revisions"}],"predecessor-version":[{"id":1496,"href":"https:\/\/agora.xtec.cat\/insderodadebara\/wp-json\/wp\/v2\/posts\/1306\/revisions\/1496"}],"wp:featuredmedia":[{"embeddable":true,"href":"https:\/\/agora.xtec.cat\/insderodadebara\/wp-json\/wp\/v2\/media\/1493"}],"wp:attachment":[{"href":"https:\/\/agora.xtec.cat\/insderodadebara\/wp-json\/wp\/v2\/media?parent=1306"}],"wp:term":[{"taxonomy":"category","embeddable":true,"href":"https:\/\/agora.xtec.cat\/insderodadebara\/wp-json\/wp\/v2\/categories?post=1306"},{"taxonomy":"post_tag","embeddable":true,"href":"https:\/\/agora.xtec.cat\/insderodadebara\/wp-json\/wp\/v2\/tags?post=1306"}],"curies":[{"name":"wp","href":"https:\/\/api.w.org\/{rel}","templated":true}]}}