{"id":1300,"date":"2017-04-03T09:19:20","date_gmt":"2017-04-03T07:19:20","guid":{"rendered":"http:\/\/agora.xtec.cat\/insderodadebara\/?p=1300"},"modified":"2017-04-24T09:52:36","modified_gmt":"2017-04-24T07:52:36","slug":"xerrada-del-col%c2%b7legi-de-periodistes","status":"publish","type":"post","link":"https:\/\/agora.xtec.cat\/insderodadebara\/general\/xerrada-del-col%c2%b7legi-de-periodistes\/","title":{"rendered":"Xerrada del Col\u00b7legi de periodistes"},"content":{"rendered":"<p>Despr\u00e9s de treballar a l&#8217;assignatura de Catal\u00e0 els g\u00e8neres period\u00edstics, com la not\u00edcia, la portada, el reportatge, la cr\u00f2nica, entre d&#8217;altres, el passat dimarts 28 de mar\u00e7 va venir a veure&#8217;ns Mois\u00e9s Pe\u00f1alver, periodista i criminalista.<\/p>\n<p>A trav\u00e9s del Col\u00b7legi de periodistes cada any ens porten algun periodista que ens expliqui la seva feina, com funciona un diari, com s&#8217;han d&#8217;escriure les not\u00edcies, qu\u00e8 \u00e9s not\u00edcia i qu\u00e8 no&#8230;<\/p>\n<p>Aquest any, Mois\u00e8s Pe\u00f1alver ens va donar una visi\u00f3 general de la feina del periodista i com els diaris a trav\u00e9s de la portada ens mostren la seva ideologia.<\/p>\n<p>Va ser molt interessant i els alumnes es van sorprendre de les coses que explicava.<\/p>\n<p>Gr\u00e0cies al departament de Catal\u00e0, al Col\u00b7legi de Periodistes i, sobretot, al Mois\u00e8s Pe\u00f1alver!<\/p>\n<p>&nbsp;<\/p>\n<p><a href=\"http:\/\/agora.xtec.cat\/insderodadebara\/wp-content\/uploads\/usu1145\/2017\/04\/20170328_102722.jpg\"><img loading=\"lazy\" decoding=\"async\" class=\"aligncenter wp-image-1304 size-large\" src=\"http:\/\/agora.xtec.cat\/insderodadebara\/wp-content\/uploads\/usu1145\/2017\/04\/20170328_102722-1024x614.jpg\" alt=\"20170328_102722\" width=\"1024\" height=\"614\" \/><\/a><\/p>\n<p><a href=\"http:\/\/agora.xtec.cat\/insderodadebara\/wp-content\/uploads\/usu1145\/2017\/04\/20170328_102650.jpg\"><img loading=\"lazy\" decoding=\"async\" class=\"aligncenter wp-image-1498 size-large\" src=\"http:\/\/agora.xtec.cat\/insderodadebara\/wp-content\/uploads\/usu1145\/2017\/04\/20170328_102650-1024x614.jpg\" alt=\"20170328_102650\" width=\"1024\" height=\"614\" srcset=\"https:\/\/agora.xtec.cat\/insderodadebara\/wp-content\/uploads\/usu1145\/2017\/04\/20170328_102650-1024x614.jpg 1024w, https:\/\/agora.xtec.cat\/insderodadebara\/wp-content\/uploads\/usu1145\/2017\/04\/20170328_102650-300x180.jpg 300w, https:\/\/agora.xtec.cat\/insderodadebara\/wp-content\/uploads\/usu1145\/2017\/04\/20170328_102650-768x461.jpg 768w\" sizes=\"auto, (max-width: 1024px) 100vw, 1024px\" \/><\/a><\/p>\n<p><a href=\"http:\/\/agora.xtec.cat\/insderodadebara\/wp-content\/uploads\/usu1145\/2017\/04\/20170328_102758.jpg\"><img loading=\"lazy\" decoding=\"async\" class=\"aligncenter wp-image-1499 size-large\" src=\"http:\/\/agora.xtec.cat\/insderodadebara\/wp-content\/uploads\/usu1145\/2017\/04\/20170328_102758-1024x614.jpg\" alt=\"20170328_102758\" width=\"1024\" height=\"614\" srcset=\"https:\/\/agora.xtec.cat\/insderodadebara\/wp-content\/uploads\/usu1145\/2017\/04\/20170328_102758-1024x614.jpg 1024w, https:\/\/agora.xtec.cat\/insderodadebara\/wp-content\/uploads\/usu1145\/2017\/04\/20170328_102758-300x180.jpg 300w, https:\/\/agora.xtec.cat\/insderodadebara\/wp-content\/uploads\/usu1145\/2017\/04\/20170328_102758-768x461.jpg 768w\" sizes=\"auto, (max-width: 1024px) 100vw, 1024px\" \/><\/a><\/p>\n<p>&nbsp;<\/p>\n<p>&nbsp;<\/p>\n","protected":false},"excerpt":{"rendered":"<p>Despr\u00e9s de treballar a l&#8217;assignatura de Catal\u00e0 els g\u00e8neres period\u00edstics, com la not\u00edcia, la portada, el reportatge, la cr\u00f2nica, entre d&#8217;altres, el passat dimarts 28 de mar\u00e7 va venir a veure&#8217;ns Mois\u00e9s Pe\u00f1alver, periodista i criminalista.<br \/>\nA trav\u00e9s del Col\u00b7legi de periodistes cada any ens porten&hellip;  <a href=\"https:\/\/agora.xtec.cat\/insderodadebara\/general\/xerrada-del-col%c2%b7legi-de-periodistes\/\" title=\"Read Xerrada del Col\u00b7legi de periodistes\">Llegeix m\u00e9s\u00bb<\/a><\/p>\n","protected":false},"author":1,"featured_media":1497,"comment_status":"closed","ping_status":"open","sticky":false,"template":"","format":"standard","meta":{"_bbp_topic_count":0,"_bbp_reply_count":0,"_bbp_total_topic_count":0,"_bbp_total_reply_count":0,"_bbp_voice_count":0,"_bbp_anonymous_reply_count":0,"_bbp_topic_count_hidden":0,"_bbp_reply_count_hidden":0,"_bbp_forum_subforum_count":0,"footnotes":""},"categories":[3,6,1,29],"tags":[68,59,44],"class_list":["post-1300","post","type-post","status-publish","format-standard","has-post-thumbnail","hentry","category-eso","category-eso-3","category-general","category-portada","tag-3reso","tag-periodisme","tag-xerrades"],"post_mailing_queue_ids":[],"_links":{"self":[{"href":"https:\/\/agora.xtec.cat\/insderodadebara\/wp-json\/wp\/v2\/posts\/1300","targetHints":{"allow":["GET"]}}],"collection":[{"href":"https:\/\/agora.xtec.cat\/insderodadebara\/wp-json\/wp\/v2\/posts"}],"about":[{"href":"https:\/\/agora.xtec.cat\/insderodadebara\/wp-json\/wp\/v2\/types\/post"}],"author":[{"embeddable":true,"href":"https:\/\/agora.xtec.cat\/insderodadebara\/wp-json\/wp\/v2\/users\/1"}],"replies":[{"embeddable":true,"href":"https:\/\/agora.xtec.cat\/insderodadebara\/wp-json\/wp\/v2\/comments?post=1300"}],"version-history":[{"count":2,"href":"https:\/\/agora.xtec.cat\/insderodadebara\/wp-json\/wp\/v2\/posts\/1300\/revisions"}],"predecessor-version":[{"id":1500,"href":"https:\/\/agora.xtec.cat\/insderodadebara\/wp-json\/wp\/v2\/posts\/1300\/revisions\/1500"}],"wp:featuredmedia":[{"embeddable":true,"href":"https:\/\/agora.xtec.cat\/insderodadebara\/wp-json\/wp\/v2\/media\/1497"}],"wp:attachment":[{"href":"https:\/\/agora.xtec.cat\/insderodadebara\/wp-json\/wp\/v2\/media?parent=1300"}],"wp:term":[{"taxonomy":"category","embeddable":true,"href":"https:\/\/agora.xtec.cat\/insderodadebara\/wp-json\/wp\/v2\/categories?post=1300"},{"taxonomy":"post_tag","embeddable":true,"href":"https:\/\/agora.xtec.cat\/insderodadebara\/wp-json\/wp\/v2\/tags?post=1300"}],"curies":[{"name":"wp","href":"https:\/\/api.w.org\/{rel}","templated":true}]}}