{"id":1295,"date":"2017-03-30T14:14:07","date_gmt":"2017-03-30T12:14:07","guid":{"rendered":"http:\/\/agora.xtec.cat\/insderodadebara\/?p=1295"},"modified":"2017-03-30T14:14:07","modified_gmt":"2017-03-30T12:14:07","slug":"xiii-certamen-de-lectura-en-veu-alta","status":"publish","type":"post","link":"https:\/\/agora.xtec.cat\/insderodadebara\/general\/xiii-certamen-de-lectura-en-veu-alta\/","title":{"rendered":"XIII Certamen de Lectura en Veu Alta"},"content":{"rendered":"<p>Divendres 24 de mar\u00e7 vam participar als quarts de finals del XIII Certament de Lectura en Veu Alta, organitzat pels CRP, la Fundaci\u00f3 Enciclop\u00e8dia Catalana i el Departament d&#8217;Ensenyament.<\/p>\n<p>Vam llegir en les dues modalitats de secund\u00e0ria:<\/p>\n<ul>\n<li>en els Corsaris, representats per l&#8217;Arnau Virgili (2n) (i com a suplent hi havia la Judit Ballester, 1r)<\/li>\n<li>i en la Tropa de Corsaris, representats pel Xavier L\u00f3pez, la Neus Neira i la Nerea S\u00e1nchez-Mar\u00edn (4t) (i com a suplents hi havia la Yoko Mart\u00ednez, la S\u00f2nia Rodr\u00edguez i la Laia Hern\u00e1ndez, 3r)<\/li>\n<\/ul>\n<p>Ho van fer molt b\u00e9, per\u00f2 aquest any no vam tenir sort!<\/p>\n<p><a href=\"http:\/\/agora.xtec.cat\/insderodadebara\/wp-content\/uploads\/usu1145\/2017\/03\/20170324_115114.jpg\"><img loading=\"lazy\" decoding=\"async\" class=\"aligncenter wp-image-1296 size-large\" src=\"http:\/\/agora.xtec.cat\/insderodadebara\/wp-content\/uploads\/usu1145\/2017\/03\/20170324_115114-1024x614.jpg\" alt=\"20170324_115114\" width=\"1024\" height=\"614\" srcset=\"https:\/\/agora.xtec.cat\/insderodadebara\/wp-content\/uploads\/usu1145\/2017\/03\/20170324_115114-1024x614.jpg 1024w, https:\/\/agora.xtec.cat\/insderodadebara\/wp-content\/uploads\/usu1145\/2017\/03\/20170324_115114-300x180.jpg 300w, https:\/\/agora.xtec.cat\/insderodadebara\/wp-content\/uploads\/usu1145\/2017\/03\/20170324_115114-768x461.jpg 768w\" sizes=\"auto, (max-width: 1024px) 100vw, 1024px\" \/><\/a><\/p>\n<p><a href=\"http:\/\/agora.xtec.cat\/insderodadebara\/wp-content\/uploads\/usu1145\/2017\/03\/IMG_9896.jpg\"><img loading=\"lazy\" decoding=\"async\" class=\"aligncenter wp-image-1297 size-large\" src=\"http:\/\/agora.xtec.cat\/insderodadebara\/wp-content\/uploads\/usu1145\/2017\/03\/IMG_9896-1024x768.jpg\" alt=\"img_9896\" width=\"1024\" height=\"768\" srcset=\"https:\/\/agora.xtec.cat\/insderodadebara\/wp-content\/uploads\/usu1145\/2017\/03\/IMG_9896-1024x768.jpg 1024w, https:\/\/agora.xtec.cat\/insderodadebara\/wp-content\/uploads\/usu1145\/2017\/03\/IMG_9896-300x225.jpg 300w, https:\/\/agora.xtec.cat\/insderodadebara\/wp-content\/uploads\/usu1145\/2017\/03\/IMG_9896-768x576.jpg 768w, https:\/\/agora.xtec.cat\/insderodadebara\/wp-content\/uploads\/usu1145\/2017\/03\/IMG_9896-200x150.jpg 200w\" sizes=\"auto, (max-width: 1024px) 100vw, 1024px\" \/><\/a><\/p>\n<p><a href=\"http:\/\/agora.xtec.cat\/insderodadebara\/wp-content\/uploads\/usu1145\/2017\/03\/20170324_121927.jpg\"><img loading=\"lazy\" decoding=\"async\" class=\"aligncenter wp-image-1298 size-large\" src=\"http:\/\/agora.xtec.cat\/insderodadebara\/wp-content\/uploads\/usu1145\/2017\/03\/20170324_121927-1024x614.jpg\" alt=\"20170324_121927\" width=\"1024\" height=\"614\" srcset=\"https:\/\/agora.xtec.cat\/insderodadebara\/wp-content\/uploads\/usu1145\/2017\/03\/20170324_121927-1024x614.jpg 1024w, https:\/\/agora.xtec.cat\/insderodadebara\/wp-content\/uploads\/usu1145\/2017\/03\/20170324_121927-300x180.jpg 300w, https:\/\/agora.xtec.cat\/insderodadebara\/wp-content\/uploads\/usu1145\/2017\/03\/20170324_121927-768x461.jpg 768w\" sizes=\"auto, (max-width: 1024px) 100vw, 1024px\" \/><\/a><\/p>\n","protected":false},"excerpt":{"rendered":"<p>Divendres 24 de mar\u00e7 vam participar als quarts de finals del XIII Certament de Lectura en Veu Alta, organitzat pels CRP, la Fundaci\u00f3 Enciclop\u00e8dia Catalana i el Departament d&#8217;Ensenyament.<br \/>\nVam llegir en les dues modalitats de secund\u00e0ria:<\/p>\n<ul>\n<li>en els Corsaris, representats per l&#8217;Arnau Virgili (2n) (i com&hellip;  <a href=\"https:\/\/agora.xtec.cat\/insderodadebara\/general\/xiii-certamen-de-lectura-en-veu-alta\/\" title=\"Read XIII Certamen de Lectura en Veu Alta\">Llegeix m\u00e9s\u00bb<\/a><br \/>\n","protected":false},"author":1,"featured_media":1296,"comment_status":"closed","ping_status":"open","sticky":false,"template":"","format":"standard","meta":{"_bbp_topic_count":0,"_bbp_reply_count":0,"_bbp_total_topic_count":0,"_bbp_total_reply_count":0,"_bbp_voice_count":0,"_bbp_anonymous_reply_count":0,"_bbp_topic_count_hidden":0,"_bbp_reply_count_hidden":0,"_bbp_forum_subforum_count":0,"footnotes":""},"categories":[3,1,29],"tags":[121,85,135,136],"class_list":["post-1295","post","type-post","status-publish","format-standard","has-post-thumbnail","hentry","category-eso","category-general","category-portada","tag-concurs","tag-eso","tag-lectura-en-veu-alta","tag-llegim"],"post_mailing_queue_ids":[],"_links":{"self":[{"href":"https:\/\/agora.xtec.cat\/insderodadebara\/wp-json\/wp\/v2\/posts\/1295","targetHints":{"allow":["GET"]}}],"collection":[{"href":"https:\/\/agora.xtec.cat\/insderodadebara\/wp-json\/wp\/v2\/posts"}],"about":[{"href":"https:\/\/agora.xtec.cat\/insderodadebara\/wp-json\/wp\/v2\/types\/post"}],"author":[{"embeddable":true,"href":"https:\/\/agora.xtec.cat\/insderodadebara\/wp-json\/wp\/v2\/users\/1"}],"replies":[{"embeddable":true,"href":"https:\/\/agora.xtec.cat\/insderodadebara\/wp-json\/wp\/v2\/comments?post=1295"}],"version-history":[{"count":1,"href":"https:\/\/agora.xtec.cat\/insderodadebara\/wp-json\/wp\/v2\/posts\/1295\/revisions"}],"predecessor-version":[{"id":1299,"href":"https:\/\/agora.xtec.cat\/insderodadebara\/wp-json\/wp\/v2\/posts\/1295\/revisions\/1299"}],"wp:featuredmedia":[{"embeddable":true,"href":"https:\/\/agora.xtec.cat\/insderodadebara\/wp-json\/wp\/v2\/media\/1296"}],"wp:attachment":[{"href":"https:\/\/agora.xtec.cat\/insderodadebara\/wp-json\/wp\/v2\/media?parent=1295"}],"wp:term":[{"taxonomy":"category","embeddable":true,"href":"https:\/\/agora.xtec.cat\/insderodadebara\/wp-json\/wp\/v2\/categories?post=1295"},{"taxonomy":"post_tag","embeddable":true,"href":"https:\/\/agora.xtec.cat\/insderodadebara\/wp-json\/wp\/v2\/tags?post=1295"}],"curies":[{"name":"wp","href":"https:\/\/api.w.org\/{rel}","templated":true}]}}