{"id":1267,"date":"2017-03-24T10:38:04","date_gmt":"2017-03-24T09:38:04","guid":{"rendered":"http:\/\/agora.xtec.cat\/insderodadebara\/?p=1267"},"modified":"2017-03-28T11:02:52","modified_gmt":"2017-03-28T09:02:52","slug":"jornada-de-portes-obertes","status":"publish","type":"post","link":"https:\/\/agora.xtec.cat\/insderodadebara\/general\/jornada-de-portes-obertes\/","title":{"rendered":"Jornada de portes obertes"},"content":{"rendered":"<p>Des de l\u2019Institut de Roda de Ber\u00e0 us volem convidar a la <strong>jornada de portes obertes<\/strong> que farem el proper <strong>dia 29 de mar\u00e7 de 2017, a les 15.30 h<\/strong>, per tal de poder ensenyar-vos les nostres instal\u00b7lacions i, encara m\u00e9s important, per transmetre el nostre projecte educatiu.<\/p>\n<p>Tanmateix, pensant que moltes fam\u00edlies no podreu assistir-hi, volem explicar-vos aquells aspectes que pensem que poden ser del vostre inter\u00e8s a l\u2019hora de triar el nostre centre educatiu com a opci\u00f3 futura per als vostres fills i filles.<\/p>\n<p>El nostre \u00e9s un centre jove, ja que vam comen\u00e7ar el curs 2010-2011. Aquest fet ens permet poder treballar d\u2019una manera molt concreta que, entre d\u2019altres objectius, inclou els seg\u00fcents:<br \/>\n\u2014Atenem de manera molt personalitzada els nostres alumnes i en fem un seguiment del proc\u00e9s educatiu exhaustiu que implica professorat, tutors\/ores i equip directiu.<br \/>\n\u2014Som un equip docent amb una gran implicaci\u00f3 per a l\u2019educaci\u00f3 i per posar en funcionament projectes que repercutiran en el desenvolupament de les compet\u00e8ncies b\u00e0siques del nostre alumnat.<br \/>\n\u2014Apostem per una educaci\u00f3 clarament triling\u00fce. En la majoria de mat\u00e8ries \u2014i al llarg de tot el curs\u2014 treballem aspectes en angl\u00e8s per poder tenir aix\u00ed el domini d\u2019aquesta llengua m\u00e9s enll\u00e0 de la mat\u00e8ria espec\u00edfica. I oferim l\u2019alemany com a optativa de segona llengua estrangera.<br \/>\n\u2014Intentem desenvolupar a trav\u00e9s d\u2019activitats i, gr\u00e0cies a una implicaci\u00f3 molt important de tot el claustre, la cotutoria entre alumnes, no solament en l\u2019\u00e0mbit acad\u00e8mic sin\u00f3 que tamb\u00e9 en relaci\u00f3 amb temes conductuals.<br \/>\n\u2014Hem posat en funcionament un sistema de control i de disciplina, a trav\u00e9s d\u2019una aplicaci\u00f3 inform\u00e0tica, que permet fer un seguiment detallat de la conducta i el treball realitzat pel fill\/a en qualsevol moment.<br \/>\n\u2014Quan considerem que les necessitats educatives de l\u2019alumnat van m\u00e9s enll\u00e0 d\u2019una atenci\u00f3 dins de l\u2019aula ordin\u00e0ria, comptem amb un orientador educatiu al centre que treballa amb els alumnes i fa una atenci\u00f3 personalitzada a les fam\u00edlies, aix\u00ed com amb el suport del psicopedagog de l\u2019EAP (Equip d\u2019Assessorament Psicopedag\u00f2gic).<br \/>\n\u2014Hem elaborat un sistema de desdoblament en totes les instrumentals: matem\u00e0tiques, angl\u00e8s, castell\u00e0 i catal\u00e0, on els alumnes treballen en grups flexibles amb la intenci\u00f3 d\u2019atendre\u2019ls d\u2019una forma molt m\u00e9s individualitzada.<br \/>\nEsperem haver-vos orientat en el proc\u00e9s d\u2019escollir centre per als vostre fills i filles i restem a la vostra disposici\u00f3 per qualsevol dubte o aclariment.<\/p>\n<p>Per \u00faltim, ens agradaria convidar-vos a la xerrada de formaci\u00f3 per a pares i mares \u201cLes mares i els pares de les persones amb \u00e8xit\u201d, que tindr\u00e0 lloc el mateix dia 29 de mar\u00e7, a les 17 h, a c\u00e0rrec d\u2019Albert Valldosera, professor de l\u2019Institut de Roda de Ber\u00e0 i expert en coaching.<\/p>\n<p>Cordialment,<\/p>\n<p>La direcci\u00f3 del centre<\/p>\n<p>&nbsp;<\/p>\n","protected":false},"excerpt":{"rendered":"<p>Des de l\u2019Institut de Roda de Ber\u00e0 us volem convidar a la jornada de portes obertes que farem el proper dia 29 de mar\u00e7 de 2017, a les 15.30 h, per tal de poder ensenyar-vos les nostres instal\u00b7lacions i, encara m\u00e9s important, per transmetre el&hellip;  <a href=\"https:\/\/agora.xtec.cat\/insderodadebara\/general\/jornada-de-portes-obertes\/\" title=\"Read Jornada de portes obertes\">Llegeix m\u00e9s\u00bb<\/a><\/p>\n","protected":false},"author":4,"featured_media":1271,"comment_status":"closed","ping_status":"open","sticky":false,"template":"","format":"standard","meta":{"_bbp_topic_count":0,"_bbp_reply_count":0,"_bbp_total_topic_count":0,"_bbp_total_reply_count":0,"_bbp_voice_count":0,"_bbp_anonymous_reply_count":0,"_bbp_topic_count_hidden":0,"_bbp_reply_count_hidden":0,"_bbp_forum_subforum_count":0,"footnotes":""},"categories":[3,1,29],"tags":[],"class_list":["post-1267","post","type-post","status-publish","format-standard","has-post-thumbnail","hentry","category-eso","category-general","category-portada"],"post_mailing_queue_ids":[],"_links":{"self":[{"href":"https:\/\/agora.xtec.cat\/insderodadebara\/wp-json\/wp\/v2\/posts\/1267","targetHints":{"allow":["GET"]}}],"collection":[{"href":"https:\/\/agora.xtec.cat\/insderodadebara\/wp-json\/wp\/v2\/posts"}],"about":[{"href":"https:\/\/agora.xtec.cat\/insderodadebara\/wp-json\/wp\/v2\/types\/post"}],"author":[{"embeddable":true,"href":"https:\/\/agora.xtec.cat\/insderodadebara\/wp-json\/wp\/v2\/users\/4"}],"replies":[{"embeddable":true,"href":"https:\/\/agora.xtec.cat\/insderodadebara\/wp-json\/wp\/v2\/comments?post=1267"}],"version-history":[{"count":2,"href":"https:\/\/agora.xtec.cat\/insderodadebara\/wp-json\/wp\/v2\/posts\/1267\/revisions"}],"predecessor-version":[{"id":1270,"href":"https:\/\/agora.xtec.cat\/insderodadebara\/wp-json\/wp\/v2\/posts\/1267\/revisions\/1270"}],"wp:featuredmedia":[{"embeddable":true,"href":"https:\/\/agora.xtec.cat\/insderodadebara\/wp-json\/wp\/v2\/media\/1271"}],"wp:attachment":[{"href":"https:\/\/agora.xtec.cat\/insderodadebara\/wp-json\/wp\/v2\/media?parent=1267"}],"wp:term":[{"taxonomy":"category","embeddable":true,"href":"https:\/\/agora.xtec.cat\/insderodadebara\/wp-json\/wp\/v2\/categories?post=1267"},{"taxonomy":"post_tag","embeddable":true,"href":"https:\/\/agora.xtec.cat\/insderodadebara\/wp-json\/wp\/v2\/tags?post=1267"}],"curies":[{"name":"wp","href":"https:\/\/api.w.org\/{rel}","templated":true}]}}