{"id":1260,"date":"2017-03-23T14:03:11","date_gmt":"2017-03-23T13:03:11","guid":{"rendered":"http:\/\/agora.xtec.cat\/insderodadebara\/?p=1260"},"modified":"2017-03-23T14:03:11","modified_gmt":"2017-03-23T13:03:11","slug":"servei-comunitari","status":"publish","type":"post","link":"https:\/\/agora.xtec.cat\/insderodadebara\/general\/servei-comunitari\/","title":{"rendered":"Servei Comunitari"},"content":{"rendered":"<p>Ja hem posat en marxa el Servei Comunitari a Roda de Ber\u00e0, ajudant \u00a0fer els deures a 4 alumnes de l&#8217;escola Cucurull al PIJ.<\/p>\n<p>M\u00e9s endavant, el Servei Comunitari s&#8217;ampliar\u00e0 a m\u00e9s alumnes, a participar amb les resid\u00e8ncies i amb altres activitats.<\/p>\n<p>Ja anirem informant!<\/p>\n<p>Estem molt contents!<\/p>\n<p>Felicitats a tots i a totes!<\/p>\n<p><a href=\"http:\/\/agora.xtec.cat\/insderodadebara\/wp-content\/uploads\/usu1145\/2017\/03\/servei-comunitari-22-3-17-ajudant-a-fer-els-deures.jpg\"><img loading=\"lazy\" decoding=\"async\" class=\"aligncenter wp-image-1261 size-large\" src=\"http:\/\/agora.xtec.cat\/insderodadebara\/wp-content\/uploads\/usu1145\/2017\/03\/servei-comunitari-22-3-17-ajudant-a-fer-els-deures-1024x768.jpg\" alt=\"servei-comunitari-22-3-17-ajudant-a-fer-els-deures\" width=\"1024\" height=\"768\" srcset=\"https:\/\/agora.xtec.cat\/insderodadebara\/wp-content\/uploads\/usu1145\/2017\/03\/servei-comunitari-22-3-17-ajudant-a-fer-els-deures-1024x768.jpg 1024w, https:\/\/agora.xtec.cat\/insderodadebara\/wp-content\/uploads\/usu1145\/2017\/03\/servei-comunitari-22-3-17-ajudant-a-fer-els-deures-300x225.jpg 300w, https:\/\/agora.xtec.cat\/insderodadebara\/wp-content\/uploads\/usu1145\/2017\/03\/servei-comunitari-22-3-17-ajudant-a-fer-els-deures-768x576.jpg 768w, https:\/\/agora.xtec.cat\/insderodadebara\/wp-content\/uploads\/usu1145\/2017\/03\/servei-comunitari-22-3-17-ajudant-a-fer-els-deures-200x150.jpg 200w, https:\/\/agora.xtec.cat\/insderodadebara\/wp-content\/uploads\/usu1145\/2017\/03\/servei-comunitari-22-3-17-ajudant-a-fer-els-deures.jpg 1600w\" sizes=\"auto, (max-width: 1024px) 100vw, 1024px\" \/><\/a><\/p>\n","protected":false},"excerpt":{"rendered":"<p>Ja hem posat en marxa el Servei Comunitari a Roda de Ber\u00e0, ajudant \u00a0fer els deures a 4 alumnes de l&#8217;escola Cucurull al PIJ.<br \/>\nM\u00e9s endavant, el Servei Comunitari s&#8217;ampliar\u00e0 a m\u00e9s alumnes, a participar amb les resid\u00e8ncies i amb altres activitats.<br \/>\nJa anirem informant!<br \/>\nEstem molt contents!<br \/>\nFelicitats&hellip;  <a href=\"https:\/\/agora.xtec.cat\/insderodadebara\/general\/servei-comunitari\/\" title=\"Read Servei Comunitari\">Llegeix m\u00e9s\u00bb<\/a><\/p>\n","protected":false},"author":1,"featured_media":1261,"comment_status":"closed","ping_status":"open","sticky":false,"template":"","format":"standard","meta":{"_bbp_topic_count":0,"_bbp_reply_count":0,"_bbp_total_topic_count":0,"_bbp_total_reply_count":0,"_bbp_voice_count":0,"_bbp_anonymous_reply_count":0,"_bbp_topic_count_hidden":0,"_bbp_reply_count_hidden":0,"_bbp_forum_subforum_count":0,"footnotes":""},"categories":[3,6,1,29],"tags":[68,134],"class_list":["post-1260","post","type-post","status-publish","format-standard","has-post-thumbnail","hentry","category-eso","category-eso-3","category-general","category-portada","tag-3reso","tag-servei-comunitari"],"post_mailing_queue_ids":[],"_links":{"self":[{"href":"https:\/\/agora.xtec.cat\/insderodadebara\/wp-json\/wp\/v2\/posts\/1260","targetHints":{"allow":["GET"]}}],"collection":[{"href":"https:\/\/agora.xtec.cat\/insderodadebara\/wp-json\/wp\/v2\/posts"}],"about":[{"href":"https:\/\/agora.xtec.cat\/insderodadebara\/wp-json\/wp\/v2\/types\/post"}],"author":[{"embeddable":true,"href":"https:\/\/agora.xtec.cat\/insderodadebara\/wp-json\/wp\/v2\/users\/1"}],"replies":[{"embeddable":true,"href":"https:\/\/agora.xtec.cat\/insderodadebara\/wp-json\/wp\/v2\/comments?post=1260"}],"version-history":[{"count":1,"href":"https:\/\/agora.xtec.cat\/insderodadebara\/wp-json\/wp\/v2\/posts\/1260\/revisions"}],"predecessor-version":[{"id":1262,"href":"https:\/\/agora.xtec.cat\/insderodadebara\/wp-json\/wp\/v2\/posts\/1260\/revisions\/1262"}],"wp:featuredmedia":[{"embeddable":true,"href":"https:\/\/agora.xtec.cat\/insderodadebara\/wp-json\/wp\/v2\/media\/1261"}],"wp:attachment":[{"href":"https:\/\/agora.xtec.cat\/insderodadebara\/wp-json\/wp\/v2\/media?parent=1260"}],"wp:term":[{"taxonomy":"category","embeddable":true,"href":"https:\/\/agora.xtec.cat\/insderodadebara\/wp-json\/wp\/v2\/categories?post=1260"},{"taxonomy":"post_tag","embeddable":true,"href":"https:\/\/agora.xtec.cat\/insderodadebara\/wp-json\/wp\/v2\/tags?post=1260"}],"curies":[{"name":"wp","href":"https:\/\/api.w.org\/{rel}","templated":true}]}}