{"id":1194,"date":"2017-03-17T10:43:34","date_gmt":"2017-03-17T09:43:34","guid":{"rendered":"http:\/\/agora.xtec.cat\/insderodadebara\/?p=1194"},"modified":"2017-03-17T10:43:34","modified_gmt":"2017-03-17T09:43:34","slug":"the-fonix-2017","status":"publish","type":"post","link":"https:\/\/agora.xtec.cat\/insderodadebara\/general\/the-fonix-2017\/","title":{"rendered":"The Fonix 2017"},"content":{"rendered":"<p>Dissabte 25 de febrer se celebrava el concurs d&#8217;angl\u00e8s &#8220;The Fonix&#8221; a la universitat Rovira i Virgili de Tarragona. Els nostres representants van ser (d&#8217;esquerra a dreta): David de Ramon (3r), Xavier L\u00f3pez (4t), V\u00edctor Dom\u00ednguez (1r) i Maria Brunner (2n).<\/p>\n<p><a href=\"http:\/\/agora.xtec.cat\/insderodadebara\/wp-content\/uploads\/usu1145\/2017\/03\/IMG-20170225-WA0000.jpg\"><img loading=\"lazy\" decoding=\"async\" class=\"aligncenter wp-image-1195 size-large\" src=\"http:\/\/agora.xtec.cat\/insderodadebara\/wp-content\/uploads\/usu1145\/2017\/03\/IMG-20170225-WA0000-1024x768.jpg\" alt=\"img-20170225-wa0000\" width=\"1024\" height=\"768\" srcset=\"https:\/\/agora.xtec.cat\/insderodadebara\/wp-content\/uploads\/usu1145\/2017\/03\/IMG-20170225-WA0000-1024x768.jpg 1024w, https:\/\/agora.xtec.cat\/insderodadebara\/wp-content\/uploads\/usu1145\/2017\/03\/IMG-20170225-WA0000-300x225.jpg 300w, https:\/\/agora.xtec.cat\/insderodadebara\/wp-content\/uploads\/usu1145\/2017\/03\/IMG-20170225-WA0000-768x576.jpg 768w, https:\/\/agora.xtec.cat\/insderodadebara\/wp-content\/uploads\/usu1145\/2017\/03\/IMG-20170225-WA0000-200x150.jpg 200w, https:\/\/agora.xtec.cat\/insderodadebara\/wp-content\/uploads\/usu1145\/2017\/03\/IMG-20170225-WA0000.jpg 1600w\" sizes=\"auto, (max-width: 1024px) 100vw, 1024px\" \/><\/a><\/p>\n<p>Estem molt contents per la seva participaci\u00f3 i motivaci\u00f3!<\/p>\n<p>Tamb\u00e9 agra\u00efm al departament d&#8217;angl\u00e8s per la seva implicaci\u00f3!<\/p>\n<p>Tots sou molt grans!<\/p>\n<p>Endavant i molta sort!<\/p>\n<p>&nbsp;<\/p>\n","protected":false},"excerpt":{"rendered":"<p>Dissabte 25 de febrer se celebrava el concurs d&#8217;angl\u00e8s &#8220;The Fonix&#8221; a la universitat Rovira i Virgili de Tarragona. Els nostres representants van ser (d&#8217;esquerra a dreta): David de Ramon (3r), Xavier L\u00f3pez (4t), V\u00edctor Dom\u00ednguez (1r) i Maria Brunner (2n).<br \/>\n<a href=\"http:\/\/agora.xtec.cat\/insderodadebara\/wp-content\/uploads\/usu1145\/2017\/03\/IMG-20170225-WA0000.jpg\"><\/a><br \/>\nEstem molt contents per&hellip;  <a href=\"https:\/\/agora.xtec.cat\/insderodadebara\/general\/the-fonix-2017\/\" title=\"Read The Fonix 2017\">Llegeix m\u00e9s\u00bb<\/a><\/p>\n","protected":false},"author":1,"featured_media":1195,"comment_status":"closed","ping_status":"open","sticky":false,"template":"","format":"standard","meta":{"_bbp_topic_count":0,"_bbp_reply_count":0,"_bbp_total_topic_count":0,"_bbp_total_reply_count":0,"_bbp_voice_count":0,"_bbp_anonymous_reply_count":0,"_bbp_topic_count_hidden":0,"_bbp_reply_count_hidden":0,"_bbp_forum_subforum_count":0,"footnotes":""},"categories":[3,1,29],"tags":[42,121,85],"class_list":["post-1194","post","type-post","status-publish","format-standard","has-post-thumbnail","hentry","category-eso","category-general","category-portada","tag-angles","tag-concurs","tag-eso"],"post_mailing_queue_ids":[],"_links":{"self":[{"href":"https:\/\/agora.xtec.cat\/insderodadebara\/wp-json\/wp\/v2\/posts\/1194","targetHints":{"allow":["GET"]}}],"collection":[{"href":"https:\/\/agora.xtec.cat\/insderodadebara\/wp-json\/wp\/v2\/posts"}],"about":[{"href":"https:\/\/agora.xtec.cat\/insderodadebara\/wp-json\/wp\/v2\/types\/post"}],"author":[{"embeddable":true,"href":"https:\/\/agora.xtec.cat\/insderodadebara\/wp-json\/wp\/v2\/users\/1"}],"replies":[{"embeddable":true,"href":"https:\/\/agora.xtec.cat\/insderodadebara\/wp-json\/wp\/v2\/comments?post=1194"}],"version-history":[{"count":1,"href":"https:\/\/agora.xtec.cat\/insderodadebara\/wp-json\/wp\/v2\/posts\/1194\/revisions"}],"predecessor-version":[{"id":1196,"href":"https:\/\/agora.xtec.cat\/insderodadebara\/wp-json\/wp\/v2\/posts\/1194\/revisions\/1196"}],"wp:featuredmedia":[{"embeddable":true,"href":"https:\/\/agora.xtec.cat\/insderodadebara\/wp-json\/wp\/v2\/media\/1195"}],"wp:attachment":[{"href":"https:\/\/agora.xtec.cat\/insderodadebara\/wp-json\/wp\/v2\/media?parent=1194"}],"wp:term":[{"taxonomy":"category","embeddable":true,"href":"https:\/\/agora.xtec.cat\/insderodadebara\/wp-json\/wp\/v2\/categories?post=1194"},{"taxonomy":"post_tag","embeddable":true,"href":"https:\/\/agora.xtec.cat\/insderodadebara\/wp-json\/wp\/v2\/tags?post=1194"}],"curies":[{"name":"wp","href":"https:\/\/api.w.org\/{rel}","templated":true}]}}