{"id":1103,"date":"2017-02-15T14:47:34","date_gmt":"2017-02-15T13:47:34","guid":{"rendered":"http:\/\/agora.xtec.cat\/insderodadebara\/?p=1103"},"modified":"2017-02-15T14:47:34","modified_gmt":"2017-02-15T13:47:34","slug":"visita-de-la-directora-dels-serveis-territorials-densenyament-de-tarragona","status":"publish","type":"post","link":"https:\/\/agora.xtec.cat\/insderodadebara\/general\/visita-de-la-directora-dels-serveis-territorials-densenyament-de-tarragona\/","title":{"rendered":"Visita de la directora dels Serveis Territorials d&#8217;Ensenyament de Tarragona"},"content":{"rendered":"<p>Divendres 10 de febrer vam tenir la visita a l&#8217;institut @InstitutRoda de la directora dels Serveis Territorials d&#8217;Ensenyament de Tarragona, S\u00edlvia Rodes @silviarodesg, juntament amb Imma Reguant @ireguant (responsable de Coordinaci\u00f3 i Plnificaci\u00f3 escolar), Rafael Mu\u00f1oz @rmu\u00f1ozmelgar (inspector) i C\u00e8lia Treserres @celiatreserres (regidora d&#8217;Ensenyament de l&#8217;Ajuntament de Roda).<\/p>\n<p>Van parlar amb l&#8217;equip directiu del centre per intercanviar inquietuds i experi\u00e8ncies per tal de potenciar la proposta pedag\u00f2gica del centre. I despr\u00e9s va entrar a diverses classes, on van poder veure els docents en acci\u00f3 i poder escoltar les impressions, propostes i opinions de l&#8217;alumnat.<\/p>\n<p>Davant dels alumnes S\u00edlvia Rodes es van comprometre a dotar-los d&#8217;un institut en condicions en un per\u00edode raonable de temps.<\/p>\n<p><a href=\"http:\/\/agora.xtec.cat\/insderodadebara\/wp-content\/uploads\/usu1145\/2017\/02\/visita-de-la-directora-dels-serveis-territorials-S\u00edlvia-Rodes-10-2-17.jpg\"><img loading=\"lazy\" decoding=\"async\" class=\"aligncenter wp-image-1104 size-large\" src=\"http:\/\/agora.xtec.cat\/insderodadebara\/wp-content\/uploads\/usu1145\/2017\/02\/visita-de-la-directora-dels-serveis-territorials-S\u00edlvia-Rodes-10-2-17-1024x498.jpg\" alt=\"visita-de-la-directora-dels-serveis-territorials-silvia-rodes-10-2-17\" width=\"1024\" height=\"498\" srcset=\"https:\/\/agora.xtec.cat\/insderodadebara\/wp-content\/uploads\/usu1145\/2017\/02\/visita-de-la-directora-dels-serveis-territorials-S\u00edlvia-Rodes-10-2-17-1024x498.jpg 1024w, https:\/\/agora.xtec.cat\/insderodadebara\/wp-content\/uploads\/usu1145\/2017\/02\/visita-de-la-directora-dels-serveis-territorials-S\u00edlvia-Rodes-10-2-17-300x146.jpg 300w, https:\/\/agora.xtec.cat\/insderodadebara\/wp-content\/uploads\/usu1145\/2017\/02\/visita-de-la-directora-dels-serveis-territorials-S\u00edlvia-Rodes-10-2-17-768x374.jpg 768w, https:\/\/agora.xtec.cat\/insderodadebara\/wp-content\/uploads\/usu1145\/2017\/02\/visita-de-la-directora-dels-serveis-territorials-S\u00edlvia-Rodes-10-2-17.jpg 1200w\" sizes=\"auto, (max-width: 1024px) 100vw, 1024px\" \/><\/a><\/p>\n<p>Molt contents de la visita!<\/p>\n<p>Sempre endavant!<\/p>\n","protected":false},"excerpt":{"rendered":"<p>Divendres 10 de febrer vam tenir la visita a l&#8217;institut @InstitutRoda de la directora dels Serveis Territorials d&#8217;Ensenyament de Tarragona, S\u00edlvia Rodes @silviarodesg, juntament amb Imma Reguant @ireguant (responsable de Coordinaci\u00f3 i Plnificaci\u00f3 escolar), Rafael Mu\u00f1oz @rmu\u00f1ozmelgar (inspector) i C\u00e8lia Treserres @celiatreserres (regidora d&#8217;Ensenyament de&hellip;  <a href=\"https:\/\/agora.xtec.cat\/insderodadebara\/general\/visita-de-la-directora-dels-serveis-territorials-densenyament-de-tarragona\/\" title=\"Read Visita de la directora dels Serveis Territorials d&#8217;Ensenyament de Tarragona\">Llegeix m\u00e9s\u00bb<\/a><\/p>\n","protected":false},"author":1,"featured_media":1104,"comment_status":"closed","ping_status":"open","sticky":false,"template":"","format":"standard","meta":{"_bbp_topic_count":0,"_bbp_reply_count":0,"_bbp_total_topic_count":0,"_bbp_total_reply_count":0,"_bbp_voice_count":0,"_bbp_anonymous_reply_count":0,"_bbp_topic_count_hidden":0,"_bbp_reply_count_hidden":0,"_bbp_forum_subforum_count":0,"footnotes":""},"categories":[31,3,1,29],"tags":[124,125],"class_list":["post-1103","post","type-post","status-publish","format-standard","has-post-thumbnail","hentry","category-ampa","category-eso","category-general","category-portada","tag-ensenyament","tag-visita"],"post_mailing_queue_ids":[],"_links":{"self":[{"href":"https:\/\/agora.xtec.cat\/insderodadebara\/wp-json\/wp\/v2\/posts\/1103","targetHints":{"allow":["GET"]}}],"collection":[{"href":"https:\/\/agora.xtec.cat\/insderodadebara\/wp-json\/wp\/v2\/posts"}],"about":[{"href":"https:\/\/agora.xtec.cat\/insderodadebara\/wp-json\/wp\/v2\/types\/post"}],"author":[{"embeddable":true,"href":"https:\/\/agora.xtec.cat\/insderodadebara\/wp-json\/wp\/v2\/users\/1"}],"replies":[{"embeddable":true,"href":"https:\/\/agora.xtec.cat\/insderodadebara\/wp-json\/wp\/v2\/comments?post=1103"}],"version-history":[{"count":1,"href":"https:\/\/agora.xtec.cat\/insderodadebara\/wp-json\/wp\/v2\/posts\/1103\/revisions"}],"predecessor-version":[{"id":1105,"href":"https:\/\/agora.xtec.cat\/insderodadebara\/wp-json\/wp\/v2\/posts\/1103\/revisions\/1105"}],"wp:featuredmedia":[{"embeddable":true,"href":"https:\/\/agora.xtec.cat\/insderodadebara\/wp-json\/wp\/v2\/media\/1104"}],"wp:attachment":[{"href":"https:\/\/agora.xtec.cat\/insderodadebara\/wp-json\/wp\/v2\/media?parent=1103"}],"wp:term":[{"taxonomy":"category","embeddable":true,"href":"https:\/\/agora.xtec.cat\/insderodadebara\/wp-json\/wp\/v2\/categories?post=1103"},{"taxonomy":"post_tag","embeddable":true,"href":"https:\/\/agora.xtec.cat\/insderodadebara\/wp-json\/wp\/v2\/tags?post=1103"}],"curies":[{"name":"wp","href":"https:\/\/api.w.org\/{rel}","templated":true}]}}