{"id":1093,"date":"2017-02-15T14:25:57","date_gmt":"2017-02-15T13:25:57","guid":{"rendered":"http:\/\/agora.xtec.cat\/insderodadebara\/?p=1093"},"modified":"2017-02-15T14:25:57","modified_gmt":"2017-02-15T13:25:57","slug":"scaramouche","status":"publish","type":"post","link":"https:\/\/agora.xtec.cat\/insderodadebara\/general\/scaramouche\/","title":{"rendered":"Scaramouche"},"content":{"rendered":"<p>L&#8217;alumnat de 1r i 2n, juntament amb el departament de Catal\u00e0, va anar dimecres 8 de febrer al teatre Vict\u00f2ria de Barcelona a veure el musical Scaramouche, interpretada per la companyia Dagoll Dagom. Una com\u00e8dia d&#8217;aventures, amor i revoluci\u00f3, ambientada a la Fran\u00e7a de la Revoluci\u00f3 (1789).<\/p>\n<p>http:\/\/www.dagolldagom.com\/ca\/scaramouche<\/p>\n<p><a href=\"http:\/\/agora.xtec.cat\/insderodadebara\/wp-content\/uploads\/usu1145\/2017\/02\/Sense-t\u00edtol.jpg\"><img loading=\"lazy\" decoding=\"async\" class=\"wp-image-1095  alignleft\" src=\"http:\/\/agora.xtec.cat\/insderodadebara\/wp-content\/uploads\/usu1145\/2017\/02\/Sense-t\u00edtol-276x300.jpg\" alt=\"sense-titol\" width=\"344\" height=\"374\" srcset=\"https:\/\/agora.xtec.cat\/insderodadebara\/wp-content\/uploads\/usu1145\/2017\/02\/Sense-t\u00edtol-276x300.jpg 276w, https:\/\/agora.xtec.cat\/insderodadebara\/wp-content\/uploads\/usu1145\/2017\/02\/Sense-t\u00edtol-768x833.jpg 768w, https:\/\/agora.xtec.cat\/insderodadebara\/wp-content\/uploads\/usu1145\/2017\/02\/Sense-t\u00edtol-944x1024.jpg 944w, https:\/\/agora.xtec.cat\/insderodadebara\/wp-content\/uploads\/usu1145\/2017\/02\/Sense-t\u00edtol.jpg 1552w\" sizes=\"auto, (max-width: 344px) 100vw, 344px\" \/><\/a><\/p>\n<p>&nbsp;<\/p>\n<p>&nbsp;<\/p>\n<p><a href=\"http:\/\/agora.xtec.cat\/insderodadebara\/wp-content\/uploads\/usu1145\/2017\/02\/20170208_134134.jpg\"><img loading=\"lazy\" decoding=\"async\" class=\"aligncenter wp-image-1096 \" src=\"http:\/\/agora.xtec.cat\/insderodadebara\/wp-content\/uploads\/usu1145\/2017\/02\/20170208_134134-300x180.jpg\" alt=\"20170208_134134\" width=\"412\" height=\"247\" srcset=\"https:\/\/agora.xtec.cat\/insderodadebara\/wp-content\/uploads\/usu1145\/2017\/02\/20170208_134134-300x180.jpg 300w, https:\/\/agora.xtec.cat\/insderodadebara\/wp-content\/uploads\/usu1145\/2017\/02\/20170208_134134-768x461.jpg 768w, https:\/\/agora.xtec.cat\/insderodadebara\/wp-content\/uploads\/usu1145\/2017\/02\/20170208_134134-1024x614.jpg 1024w\" sizes=\"auto, (max-width: 412px) 100vw, 412px\" \/><\/a><\/p>\n<p>&nbsp;<\/p>\n<p>Va ser un musical molt emocionant i espectacular!<\/p>\n<p>Van vibrar i cantar amb tots els actors i actrius!<\/p>\n<p>&nbsp;<\/p>\n","protected":false},"excerpt":{"rendered":"<p>L&#8217;alumnat de 1r i 2n, juntament amb el departament de Catal\u00e0, va anar dimecres 8 de febrer al teatre Vict\u00f2ria de Barcelona a veure el musical Scaramouche, interpretada per la companyia Dagoll Dagom. Una com\u00e8dia d&#8217;aventures, amor i revoluci\u00f3, ambientada a la Fran\u00e7a de la&hellip;  <a href=\"https:\/\/agora.xtec.cat\/insderodadebara\/general\/scaramouche\/\" title=\"Read Scaramouche\">Llegeix m\u00e9s\u00bb<\/a><\/p>\n","protected":false},"author":1,"featured_media":1095,"comment_status":"closed","ping_status":"open","sticky":false,"template":"","format":"standard","meta":{"_bbp_topic_count":0,"_bbp_reply_count":0,"_bbp_total_topic_count":0,"_bbp_total_reply_count":0,"_bbp_voice_count":0,"_bbp_anonymous_reply_count":0,"_bbp_topic_count_hidden":0,"_bbp_reply_count_hidden":0,"_bbp_forum_subforum_count":0,"footnotes":""},"categories":[3,4,5,1,29],"tags":[65,70,39,40],"class_list":["post-1093","post","type-post","status-publish","format-standard","has-post-thumbnail","hentry","category-eso","category-eso-1","category-eso-2","category-general","category-portada","tag-1reso","tag-2neso","tag-sortides","tag-teatre"],"post_mailing_queue_ids":[],"_links":{"self":[{"href":"https:\/\/agora.xtec.cat\/insderodadebara\/wp-json\/wp\/v2\/posts\/1093","targetHints":{"allow":["GET"]}}],"collection":[{"href":"https:\/\/agora.xtec.cat\/insderodadebara\/wp-json\/wp\/v2\/posts"}],"about":[{"href":"https:\/\/agora.xtec.cat\/insderodadebara\/wp-json\/wp\/v2\/types\/post"}],"author":[{"embeddable":true,"href":"https:\/\/agora.xtec.cat\/insderodadebara\/wp-json\/wp\/v2\/users\/1"}],"replies":[{"embeddable":true,"href":"https:\/\/agora.xtec.cat\/insderodadebara\/wp-json\/wp\/v2\/comments?post=1093"}],"version-history":[{"count":1,"href":"https:\/\/agora.xtec.cat\/insderodadebara\/wp-json\/wp\/v2\/posts\/1093\/revisions"}],"predecessor-version":[{"id":1097,"href":"https:\/\/agora.xtec.cat\/insderodadebara\/wp-json\/wp\/v2\/posts\/1093\/revisions\/1097"}],"wp:featuredmedia":[{"embeddable":true,"href":"https:\/\/agora.xtec.cat\/insderodadebara\/wp-json\/wp\/v2\/media\/1095"}],"wp:attachment":[{"href":"https:\/\/agora.xtec.cat\/insderodadebara\/wp-json\/wp\/v2\/media?parent=1093"}],"wp:term":[{"taxonomy":"category","embeddable":true,"href":"https:\/\/agora.xtec.cat\/insderodadebara\/wp-json\/wp\/v2\/categories?post=1093"},{"taxonomy":"post_tag","embeddable":true,"href":"https:\/\/agora.xtec.cat\/insderodadebara\/wp-json\/wp\/v2\/tags?post=1093"}],"curies":[{"name":"wp","href":"https:\/\/api.w.org\/{rel}","templated":true}]}}