{"id":1090,"date":"2017-02-15T14:11:19","date_gmt":"2017-02-15T13:11:19","guid":{"rendered":"http:\/\/agora.xtec.cat\/insderodadebara\/?p=1090"},"modified":"2017-02-15T14:11:19","modified_gmt":"2017-02-15T13:11:19","slug":"1a-xerrada-de-lescola-de-pares","status":"publish","type":"post","link":"https:\/\/agora.xtec.cat\/insderodadebara\/general\/1a-xerrada-de-lescola-de-pares\/","title":{"rendered":"1a xerrada de l&#8217;Escola de pares"},"content":{"rendered":"<p>L&#8217;<strong>Escola de pares<\/strong> \u00e9s una iniciativa que va sorgir de la inquietud de la direcci\u00f3 del centre i de l&#8217;AMPA, per tal de potenciar la relaci\u00f3 entre les fam\u00edlies i l&#8217;institut, i oferir un espai d\u2019aprenentatge i d\u2019inspiraci\u00f3 per a totes les persones que tenen m\u00e9s influ\u00e8ncia en la l\u2019educaci\u00f3 dels nostres adolescents (els pares i les mares).<\/p>\n<p>I despr\u00e9s de molta feina, ja hem fet la primera xerrada de l&#8217;Escola de pares a l&#8217;institut @InstitutRoda, el passat dimecres 8 de febrer. Va girar al voltant de: &#8220;Bullying: prevenci\u00f3 de l&#8217;assetjament entre iguals&#8221;, impartida per la N\u00faria Bel del Projecte \u00d3rdago.<\/p>\n<p>Estem molt contents de la gran acollida que hi va haver entre les fam\u00edlies!<\/p>\n<p><a href=\"http:\/\/agora.xtec.cat\/insderodadebara\/wp-content\/uploads\/usu1145\/2017\/02\/escola-de-pares-sobre-Bullying-8-2-17.jpg\"><img loading=\"lazy\" decoding=\"async\" class=\"aligncenter size-large wp-image-1091\" src=\"http:\/\/agora.xtec.cat\/insderodadebara\/wp-content\/uploads\/usu1145\/2017\/02\/escola-de-pares-sobre-Bullying-8-2-17-1024x768.jpg\" alt=\"escola-de-pares-sobre-bullying-8-2-17\" width=\"1024\" height=\"768\" srcset=\"https:\/\/agora.xtec.cat\/insderodadebara\/wp-content\/uploads\/usu1145\/2017\/02\/escola-de-pares-sobre-Bullying-8-2-17-1024x768.jpg 1024w, https:\/\/agora.xtec.cat\/insderodadebara\/wp-content\/uploads\/usu1145\/2017\/02\/escola-de-pares-sobre-Bullying-8-2-17-300x225.jpg 300w, https:\/\/agora.xtec.cat\/insderodadebara\/wp-content\/uploads\/usu1145\/2017\/02\/escola-de-pares-sobre-Bullying-8-2-17-768x576.jpg 768w, https:\/\/agora.xtec.cat\/insderodadebara\/wp-content\/uploads\/usu1145\/2017\/02\/escola-de-pares-sobre-Bullying-8-2-17-200x150.jpg 200w, https:\/\/agora.xtec.cat\/insderodadebara\/wp-content\/uploads\/usu1145\/2017\/02\/escola-de-pares-sobre-Bullying-8-2-17.jpg 1200w\" sizes=\"auto, (max-width: 1024px) 100vw, 1024px\" \/><\/a><\/p>\n<p>Aprofitant l&#8217;avinentesa, us informem que queden dues xerrades m\u00e9s de 17 a 18h:<\/p>\n<p><strong>\u2014Dimecres 29 de mar\u00e7 2017\u00a0\u00a0\u00a0\u00a0\u00a0\u00a0\u00a0\u00a0\u00a0\u00a0\u00a0\u00a0 <\/strong><\/p>\n<p>\u201c Les mares i els pares de les persones amb \u00e8xit\u201d, a c\u00e0rrec d\u2019Albert Valldosera, professor de l\u2019INS Roda de Ber\u00e0 i expert en coaching<\/p>\n<p><strong>\u2014Dimecres 26 d\u2019abril de 2017<\/strong><\/p>\n<p>\u201cT\u00e8cniques per gestionar el comportament dels\/les fills\/es adolescents\u201d, a c\u00e0rrec de Juan Miguel Navarro, orientador educatiu de l\u2019INS Roda de Ber\u00e0<\/p>\n<p>Des de l\u2019Institut us animem a participar-hi at\u00e8s que entenem que pot ajudar-vos a millorar el coneixement que teniu dels vostres fills i filles i la relaci\u00f3 amb ells i amb el centre.<\/p>\n","protected":false},"excerpt":{"rendered":"<p>L&#8217;Escola de pares \u00e9s una iniciativa que va sorgir de la inquietud de la direcci\u00f3 del centre i de l&#8217;AMPA, per tal de potenciar la relaci\u00f3 entre les fam\u00edlies i l&#8217;institut, i oferir un espai d\u2019aprenentatge i d\u2019inspiraci\u00f3 per a totes les persones que tenen&hellip;  <a href=\"https:\/\/agora.xtec.cat\/insderodadebara\/general\/1a-xerrada-de-lescola-de-pares\/\" title=\"Read 1a xerrada de l&#8217;Escola de pares\">Llegeix m\u00e9s\u00bb<\/a><\/p>\n","protected":false},"author":1,"featured_media":1091,"comment_status":"closed","ping_status":"open","sticky":false,"template":"","format":"standard","meta":{"_bbp_topic_count":0,"_bbp_reply_count":0,"_bbp_total_topic_count":0,"_bbp_total_reply_count":0,"_bbp_voice_count":0,"_bbp_anonymous_reply_count":0,"_bbp_topic_count_hidden":0,"_bbp_reply_count_hidden":0,"_bbp_forum_subforum_count":0,"footnotes":""},"categories":[31,3,1,29],"tags":[123,122,44],"class_list":["post-1090","post","type-post","status-publish","format-standard","has-post-thumbnail","hentry","category-ampa","category-eso","category-general","category-portada","tag-ampa","tag-escola-de-pares","tag-xerrades"],"post_mailing_queue_ids":[],"_links":{"self":[{"href":"https:\/\/agora.xtec.cat\/insderodadebara\/wp-json\/wp\/v2\/posts\/1090","targetHints":{"allow":["GET"]}}],"collection":[{"href":"https:\/\/agora.xtec.cat\/insderodadebara\/wp-json\/wp\/v2\/posts"}],"about":[{"href":"https:\/\/agora.xtec.cat\/insderodadebara\/wp-json\/wp\/v2\/types\/post"}],"author":[{"embeddable":true,"href":"https:\/\/agora.xtec.cat\/insderodadebara\/wp-json\/wp\/v2\/users\/1"}],"replies":[{"embeddable":true,"href":"https:\/\/agora.xtec.cat\/insderodadebara\/wp-json\/wp\/v2\/comments?post=1090"}],"version-history":[{"count":1,"href":"https:\/\/agora.xtec.cat\/insderodadebara\/wp-json\/wp\/v2\/posts\/1090\/revisions"}],"predecessor-version":[{"id":1092,"href":"https:\/\/agora.xtec.cat\/insderodadebara\/wp-json\/wp\/v2\/posts\/1090\/revisions\/1092"}],"wp:featuredmedia":[{"embeddable":true,"href":"https:\/\/agora.xtec.cat\/insderodadebara\/wp-json\/wp\/v2\/media\/1091"}],"wp:attachment":[{"href":"https:\/\/agora.xtec.cat\/insderodadebara\/wp-json\/wp\/v2\/media?parent=1090"}],"wp:term":[{"taxonomy":"category","embeddable":true,"href":"https:\/\/agora.xtec.cat\/insderodadebara\/wp-json\/wp\/v2\/categories?post=1090"},{"taxonomy":"post_tag","embeddable":true,"href":"https:\/\/agora.xtec.cat\/insderodadebara\/wp-json\/wp\/v2\/tags?post=1090"}],"curies":[{"name":"wp","href":"https:\/\/api.w.org\/{rel}","templated":true}]}}