{"id":1033,"date":"2016-12-22T10:50:11","date_gmt":"2016-12-22T09:50:11","guid":{"rendered":"http:\/\/agora.xtec.cat\/insderodadebara\/?p=1033"},"modified":"2016-12-22T10:50:11","modified_gmt":"2016-12-22T09:50:11","slug":"bones-festes","status":"publish","type":"post","link":"https:\/\/agora.xtec.cat\/insderodadebara\/general\/bones-festes\/","title":{"rendered":"BONES FESTES!"},"content":{"rendered":"<p>Benvolgudes fam\u00edlies, amics i amigues del nostre centre i tothom que feu possible que la nostra tasca educativa sigui m\u00e9s f\u00e0cil i alhora m\u00e9s eficient, ens complau, un altre any, felicitar-vos el Nadal i desitjar-vos unes bones festes.<\/p>\n<p>Atentament,<\/p>\n<p>L\u2019equip docent de l\u2019Institut de Roda de Ber\u00e0<\/p>\n<p><a href=\"http:\/\/agora.xtec.cat\/insderodadebara\/wp-content\/uploads\/usu1145\/2016\/12\/bon-nadal.jpg\"><img loading=\"lazy\" decoding=\"async\" class=\"alignnone size-full wp-image-1027\" src=\"http:\/\/agora.xtec.cat\/insderodadebara\/wp-content\/uploads\/usu1145\/2016\/12\/bon-nadal.jpg\" alt=\"bon-nadal\" width=\"911\" height=\"641\" srcset=\"https:\/\/agora.xtec.cat\/insderodadebara\/wp-content\/uploads\/usu1145\/2016\/12\/bon-nadal.jpg 911w, https:\/\/agora.xtec.cat\/insderodadebara\/wp-content\/uploads\/usu1145\/2016\/12\/bon-nadal-300x211.jpg 300w, https:\/\/agora.xtec.cat\/insderodadebara\/wp-content\/uploads\/usu1145\/2016\/12\/bon-nadal-768x540.jpg 768w\" sizes=\"auto, (max-width: 911px) 100vw, 911px\" \/><\/a><\/p>\n<p><a href=\"http:\/\/agora.xtec.cat\/insderodadebara\/wp-content\/uploads\/usu1145\/2016\/12\/poema-NADAL.jpg\"><img loading=\"lazy\" decoding=\"async\" class=\"alignnone size-full wp-image-1026\" src=\"http:\/\/agora.xtec.cat\/insderodadebara\/wp-content\/uploads\/usu1145\/2016\/12\/poema-NADAL.jpg\" alt=\"poema-nadal\" width=\"911\" height=\"641\" srcset=\"https:\/\/agora.xtec.cat\/insderodadebara\/wp-content\/uploads\/usu1145\/2016\/12\/poema-NADAL.jpg 911w, https:\/\/agora.xtec.cat\/insderodadebara\/wp-content\/uploads\/usu1145\/2016\/12\/poema-NADAL-300x211.jpg 300w, https:\/\/agora.xtec.cat\/insderodadebara\/wp-content\/uploads\/usu1145\/2016\/12\/poema-NADAL-768x540.jpg 768w\" sizes=\"auto, (max-width: 911px) 100vw, 911px\" \/><\/a><\/p>\n","protected":false},"excerpt":{"rendered":"<p>Benvolgudes fam\u00edlies, amics i amigues del nostre centre i tothom que feu possible que la nostra tasca educativa sigui m\u00e9s f\u00e0cil i alhora m\u00e9s eficient, ens complau, un altre any, felicitar-vos el Nadal i desitjar-vos unes bones festes.<br \/>\nAtentament,<br \/>\nL\u2019equip docent de l\u2019Institut de Roda de Ber\u00e0<br \/>\n<a&hellip;  <a href=\"https:\/\/agora.xtec.cat\/insderodadebara\/general\/bones-festes\/\" title=\"Read BONES FESTES!\">Llegeix m\u00e9s\u00bb<\/a><\/p>\n","protected":false},"author":1,"featured_media":1027,"comment_status":"closed","ping_status":"open","sticky":false,"template":"","format":"standard","meta":{"_bbp_topic_count":0,"_bbp_reply_count":0,"_bbp_total_topic_count":0,"_bbp_total_reply_count":0,"_bbp_voice_count":0,"_bbp_anonymous_reply_count":0,"_bbp_topic_count_hidden":0,"_bbp_reply_count_hidden":0,"_bbp_forum_subforum_count":0,"footnotes":""},"categories":[31,3,1,29],"tags":[118,85],"class_list":["post-1033","post","type-post","status-publish","format-standard","has-post-thumbnail","hentry","category-ampa","category-eso","category-general","category-portada","tag-bones-festes","tag-eso"],"post_mailing_queue_ids":[],"_links":{"self":[{"href":"https:\/\/agora.xtec.cat\/insderodadebara\/wp-json\/wp\/v2\/posts\/1033","targetHints":{"allow":["GET"]}}],"collection":[{"href":"https:\/\/agora.xtec.cat\/insderodadebara\/wp-json\/wp\/v2\/posts"}],"about":[{"href":"https:\/\/agora.xtec.cat\/insderodadebara\/wp-json\/wp\/v2\/types\/post"}],"author":[{"embeddable":true,"href":"https:\/\/agora.xtec.cat\/insderodadebara\/wp-json\/wp\/v2\/users\/1"}],"replies":[{"embeddable":true,"href":"https:\/\/agora.xtec.cat\/insderodadebara\/wp-json\/wp\/v2\/comments?post=1033"}],"version-history":[{"count":1,"href":"https:\/\/agora.xtec.cat\/insderodadebara\/wp-json\/wp\/v2\/posts\/1033\/revisions"}],"predecessor-version":[{"id":1034,"href":"https:\/\/agora.xtec.cat\/insderodadebara\/wp-json\/wp\/v2\/posts\/1033\/revisions\/1034"}],"wp:featuredmedia":[{"embeddable":true,"href":"https:\/\/agora.xtec.cat\/insderodadebara\/wp-json\/wp\/v2\/media\/1027"}],"wp:attachment":[{"href":"https:\/\/agora.xtec.cat\/insderodadebara\/wp-json\/wp\/v2\/media?parent=1033"}],"wp:term":[{"taxonomy":"category","embeddable":true,"href":"https:\/\/agora.xtec.cat\/insderodadebara\/wp-json\/wp\/v2\/categories?post=1033"},{"taxonomy":"post_tag","embeddable":true,"href":"https:\/\/agora.xtec.cat\/insderodadebara\/wp-json\/wp\/v2\/tags?post=1033"}],"curies":[{"name":"wp","href":"https:\/\/api.w.org\/{rel}","templated":true}]}}